{"id":71964,"date":"2021-04-22T00:07:57","date_gmt":"2021-04-22T03:07:57","guid":{"rendered":"http:\/\/portalcatolico.net\/portal\/?p=71964"},"modified":"2021-04-23T22:08:13","modified_gmt":"2021-04-24T01:08:13","slug":"atraves-de-transmissao-ao-vivo-devotos-participam-de-missas-em-louvor-a-sao-jorge","status":"publish","type":"post","link":"https:\/\/portalcatolico.net\/portal\/atraves-de-transmissao-ao-vivo-devotos-participam-de-missas-em-louvor-a-sao-jorge\/","title":{"rendered":"Atrav\u00e9s de transmiss\u00e3o ao vivo, devotos participam de Missas em louvor a S\u00e3o Jorge"},"content":{"rendered":"<p><em>Em virtude da pandemia, as Celebra\u00e7\u00f5es Eucar\u00edsticas na Par\u00f3quia S\u00e3o Jorge acontecem sem a presen\u00e7a f\u00edsica dos fi\u00e9is. J\u00e1 na Igreja S\u00e3o Francisco, a programa\u00e7\u00e3o ter\u00e1, no m\u00e1ximo, 50 pessoas<\/em><\/p>\n<p>Os devotos de S\u00e3o Jorge celebram a festa do padroeiro nesta sexta-feira, dia 23 de abril. Em virtude da pandemia, na \u00fanica par\u00f3quia da Arquidiocese de Salvador dedicada ao santo, localizada no bairro do Jardim Cruzeiro, as Missas deste ano ser\u00e3o celebradas sem a presen\u00e7a f\u00edsica dos fi\u00e9is, mas com transmiss\u00e3o, ao vivo, pelo Instagram @paroquiasaojorge23 e pelo Facebook: @saojorgecomunidade. Presididas pelo p\u00e1roco, padre Cl\u00f3vis Souza Santos, as Celebra\u00e7\u00f5es Eucar\u00edsticas acontecer\u00e3o \u00e0s 8h e \u00e0s 19h.<\/p>\n<p>Em homenagem a S\u00e3o Jorge tamb\u00e9m ser\u00e1 celebrada Missa na Igreja S\u00e3o Francisco, localizada no Centro Hist\u00f3rico de Salvador. Neste dia (23), \u00e0s 5h acontecer\u00e1 a alvorada; \u00e0s 15h haver\u00e1 a carreata de S\u00e3o Jorge pelas ruas do Cento Hist\u00f3rico, em carro do Corpo de Bombeiros; e \u00e0s 16h30 ser\u00e1 presidida a Missa Solene, pelo Frei Juscelino da Silva Pinto, OFM. O acesso dos fi\u00e9is ser\u00e1 por ordem de chegada, at\u00e9 completar o total de 50 pessoas dentro do templo. Para alcan\u00e7ar o maior n\u00famero de devotos, haver\u00e1 transmiss\u00e3o, ao vivo, pelo perfil oficial da Devo\u00e7\u00e3o no Instagram: @devocaosaojorge.c.h.s<\/p>\n<p><strong>&nbsp;<\/strong><strong>Voc\u00ea sabe quem foi S\u00e3o Jorge?<\/strong><\/p>\n<p>Nascido por volta do s\u00e9culo III, na Capad\u00f3cia, regi\u00e3o que atualmente pertence \u00e0 Turquia, e filho de pais crist\u00e3os, Jorge aprendeu ainda na inf\u00e2ncia a ser obediente a Deus e a crer em Jesus Cristo como o seu \u00fanico Salvador. Ap\u00f3s a morte do pai, mudou-se para a Palestina com sua m\u00e3e, onde foi promovido a capit\u00e3o do ex\u00e9rcito romano devido a sua dedica\u00e7\u00e3o e, aos 23 anos, j\u00e1 exercia altas fun\u00e7\u00f5es na corte imperial.<\/p>\n<p>Na \u00e9poca, o imperador Diocleciano planejava mandar matar todos os crist\u00e3os e, no dia em que o senado confirmaria o decreto imperial, Jorge declarou-se espantado com a decis\u00e3o e passou a afirmar que os \u00eddolos adorados nos templos pag\u00e3os eram falsos deuses, e defendeu somente a f\u00e9 em Jesus Cristo. Ao ouvi-lo, o imperador mandou tortur\u00e1-lo at\u00e9 que ele negasse a f\u00e9 em Jesus, entretanto Jorge continuou firme como servo de Deus e n\u00e3o fez o que o imperador queria. Insatisfeito com a postura de Jorge, Diocleciano mandou degol\u00e1-lo no dia 23 de abril de 303.&nbsp; &nbsp;Com informa\u00e7\u00f5es: Arquidiocese de S\u00e3o Salvador-Bahia<\/p>\n","protected":false},"excerpt":{"rendered":"<p>Em virtude da pandemia, as Celebra\u00e7\u00f5es Eucar\u00edsticas na Par\u00f3quia S\u00e3o Jorge acontecem sem a presen\u00e7a f\u00edsica dos fi\u00e9is. J\u00e1 na Igreja S\u00e3o Francisco, a programa\u00e7\u00e3o ter\u00e1, no m\u00e1ximo, 50 pessoas Os devotos de S\u00e3o Jorge celebram a festa do padroeiro nesta sexta-feira, dia 23 de abril. Em virtude da pandemia, na \u00fanica par\u00f3quia da Arquidiocese&nbsp;<\/p>\n<p><a class=\"btn btn-style\" href=\"https:\/\/portalcatolico.net\/portal\/atraves-de-transmissao-ao-vivo-devotos-participam-de-missas-em-louvor-a-sao-jorge\/\">Continue Reading<\/a><\/p>\n","protected":false},"author":2,"featured_media":71962,"comment_status":"open","ping_status":"open","sticky":false,"template":"","format":"standard","meta":{"footnotes":""},"categories":[4],"tags":[],"class_list":["post-71964","post","type-post","status-publish","format-standard","has-post-thumbnail","hentry","category-destaques"],"_links":{"self":[{"href":"https:\/\/portalcatolico.net\/portal\/wp-json\/wp\/v2\/posts\/71964","targetHints":{"allow":["GET"]}}],"collection":[{"href":"https:\/\/portalcatolico.net\/portal\/wp-json\/wp\/v2\/posts"}],"about":[{"href":"https:\/\/portalcatolico.net\/portal\/wp-json\/wp\/v2\/types\/post"}],"author":[{"embeddable":true,"href":"https:\/\/portalcatolico.net\/portal\/wp-json\/wp\/v2\/users\/2"}],"replies":[{"embeddable":true,"href":"https:\/\/portalcatolico.net\/portal\/wp-json\/wp\/v2\/comments?post=71964"}],"version-history":[{"count":1,"href":"https:\/\/portalcatolico.net\/portal\/wp-json\/wp\/v2\/posts\/71964\/revisions"}],"predecessor-version":[{"id":71965,"href":"https:\/\/portalcatolico.net\/portal\/wp-json\/wp\/v2\/posts\/71964\/revisions\/71965"}],"wp:featuredmedia":[{"embeddable":true,"href":"https:\/\/portalcatolico.net\/portal\/wp-json\/wp\/v2\/media\/71962"}],"wp:attachment":[{"href":"https:\/\/portalcatolico.net\/portal\/wp-json\/wp\/v2\/media?parent=71964"}],"wp:term":[{"taxonomy":"category","embeddable":true,"href":"https:\/\/portalcatolico.net\/portal\/wp-json\/wp\/v2\/categories?post=71964"},{"taxonomy":"post_tag","embeddable":true,"href":"https:\/\/portalcatolico.net\/portal\/wp-json\/wp\/v2\/tags?post=71964"}],"curies":[{"name":"wp","href":"https:\/\/api.w.org\/{rel}","templated":true}]}}