{"id":71961,"date":"2021-04-23T00:12:36","date_gmt":"2021-04-23T03:12:36","guid":{"rendered":"http:\/\/portalcatolico.net\/portal\/?p=71961"},"modified":"2021-04-23T21:12:59","modified_gmt":"2021-04-24T00:12:59","slug":"hoje-e-celebrado-sao-jorge-o-santo-do-papa-francisco","status":"publish","type":"post","link":"https:\/\/portalcatolico.net\/portal\/hoje-e-celebrado-sao-jorge-o-santo-do-papa-francisco\/","title":{"rendered":"Hoje \u00e9 celebrado S\u00e3o Jorge, o santo do Papa Francisco"},"content":{"rendered":"<p>Neste dia 23 de abril, a&nbsp;Igreja&nbsp;celebra a festa de S\u00e3o Jorge, o santo do Papa Francisco, Jorge Mario Bergoglio, que \u00e9 tamb\u00e9m padroeiro de Armas de Cavalaria do Ex\u00e9rcito da Argentina, pa\u00eds&nbsp;natal&nbsp;do Santo Padre. No Brasil, o santo \u00e9 padroeiro do estado do Rio de Janeiro.<\/p>\n<p>S\u00e3o Jorge viveu nos primeiros s\u00e9culos da Cristandade. Nasceu em Lydda, Palestina, a terra de Jesus, filho de um agricultor muito estimado. Ingressou no ex\u00e9rcito e foi capit\u00e3o.<\/p>\n<p>Quando o santo chegou a uma cidade do Oriente, encontrou-se com um terr\u00edvel crocodilo (ou drag\u00e3o, ou tubar\u00e3o), que devorava as pessoas e ningu\u00e9m se atrevia a enfrent\u00e1-lo. S\u00e3o Jorge o fez e venceu.<\/p>\n<p>Cheios de admira\u00e7\u00e3o e de emo\u00e7\u00e3o por ocorrido, os moradores escutaram atentamente quando o santo lhes falou sobre Jesus Cristo e muitos deles se converteram ao cristianismo.<\/p>\n<p>Nessa \u00e9poca, o imperador Diocleciano mandou todos adorarem \u00eddolos ou deuses falsos e proibiu adorar Jesus Cristo. O santo declarou que ele nunca deixaria de adorar Cristo e que jamais adoraria \u00eddolos.<\/p>\n<p>Essa recusa fez com que o imperador o condenasse \u00e0 morte. No momento do mart\u00edrio, levaram-no ao templo dos \u00eddolos para ver se os adorava, mas diante da sua presen\u00e7a, v\u00e1rias est\u00e1tuas de falsos deuses ca\u00edram no ch\u00e3o e se despeda\u00e7aram.<\/p>\n<p>O santo foi martirizado e, enquanto o a\u00e7oitavam, lembrava-se dos a\u00e7oites que deram em Jesus e n\u00e3o abria a boca. Sofreu os castigos em sil\u00eancio.<\/p>\n<p>As pessoas, ao v\u00ea-los, diziam que era corajoso e que \u201cverdadeiramente vale a pena ser seguidor de Cristo\u201d. Antes de morrer, o santo disse: \u201cSenhor, em Tuas m\u00e3os entrego a minha alma\u201d.<\/p>\n<p>Quando escutou que lhe cortariam a cabe\u00e7a, alegrou-se, porque tinha muito desejo de ir ao c\u00e9u e estar com o Senhor. O santo sempre estava em ora\u00e7\u00e3o.<\/p>\n<p>S\u00e3o Jorge tamb\u00e9m \u00e9 padroeiro da Inglaterra e dos escoteiros.<\/p>\n<p>Geralmente, o santo \u00e9 representado sobre um cavalo, com traje militar da \u00e9poca medieval, com uma palma, uma lan\u00e7a e um escudo, que tem uma bandeira branca com uma cruz vermelha, cujos bra\u00e7os v\u00e3o \u00e0s extremidades.<\/p>\n<p>Este escudo pode ser visto em quadros e outras representa\u00e7\u00f5es e a adapta\u00e7\u00e3o do mesmo est\u00e1 na bandeira da Inglaterra, da Ge\u00f3rgia, entre outras.<\/p>\n<p>O santo \u00e9 protetor dos soldados, agricultores, arqueiros, escoteiros, ferreiros, prisioneiros, entre outros. Tamb\u00e9m \u00e9 conhecido como protetor dos animais dom\u00e9sticos.(ACI)<\/p>\n<p>Foto:Divulga\u00e7ao\/Internet<\/p>\n","protected":false},"excerpt":{"rendered":"<p>Neste dia 23 de abril, a&nbsp;Igreja&nbsp;celebra a festa de S\u00e3o Jorge, o santo do Papa Francisco, Jorge Mario Bergoglio, que \u00e9 tamb\u00e9m padroeiro de Armas de Cavalaria do Ex\u00e9rcito da Argentina, pa\u00eds&nbsp;natal&nbsp;do Santo Padre. No Brasil, o santo \u00e9 padroeiro do estado do Rio de Janeiro. S\u00e3o Jorge viveu nos primeiros s\u00e9culos da Cristandade. Nasceu&nbsp;<\/p>\n<p><a class=\"btn btn-style\" href=\"https:\/\/portalcatolico.net\/portal\/hoje-e-celebrado-sao-jorge-o-santo-do-papa-francisco\/\">Continue Reading<\/a><\/p>\n","protected":false},"author":2,"featured_media":71962,"comment_status":"open","ping_status":"open","sticky":false,"template":"","format":"standard","meta":{"footnotes":""},"categories":[4],"tags":[],"class_list":["post-71961","post","type-post","status-publish","format-standard","has-post-thumbnail","hentry","category-destaques"],"_links":{"self":[{"href":"https:\/\/portalcatolico.net\/portal\/wp-json\/wp\/v2\/posts\/71961","targetHints":{"allow":["GET"]}}],"collection":[{"href":"https:\/\/portalcatolico.net\/portal\/wp-json\/wp\/v2\/posts"}],"about":[{"href":"https:\/\/portalcatolico.net\/portal\/wp-json\/wp\/v2\/types\/post"}],"author":[{"embeddable":true,"href":"https:\/\/portalcatolico.net\/portal\/wp-json\/wp\/v2\/users\/2"}],"replies":[{"embeddable":true,"href":"https:\/\/portalcatolico.net\/portal\/wp-json\/wp\/v2\/comments?post=71961"}],"version-history":[{"count":1,"href":"https:\/\/portalcatolico.net\/portal\/wp-json\/wp\/v2\/posts\/71961\/revisions"}],"predecessor-version":[{"id":71963,"href":"https:\/\/portalcatolico.net\/portal\/wp-json\/wp\/v2\/posts\/71961\/revisions\/71963"}],"wp:featuredmedia":[{"embeddable":true,"href":"https:\/\/portalcatolico.net\/portal\/wp-json\/wp\/v2\/media\/71962"}],"wp:attachment":[{"href":"https:\/\/portalcatolico.net\/portal\/wp-json\/wp\/v2\/media?parent=71961"}],"wp:term":[{"taxonomy":"category","embeddable":true,"href":"https:\/\/portalcatolico.net\/portal\/wp-json\/wp\/v2\/categories?post=71961"},{"taxonomy":"post_tag","embeddable":true,"href":"https:\/\/portalcatolico.net\/portal\/wp-json\/wp\/v2\/tags?post=71961"}],"curies":[{"name":"wp","href":"https:\/\/api.w.org\/{rel}","templated":true}]}}