{"id":71955,"date":"2021-04-23T20:31:52","date_gmt":"2021-04-23T23:31:52","guid":{"rendered":"http:\/\/portalcatolico.net\/portal\/?p=71955"},"modified":"2021-04-23T20:31:52","modified_gmt":"2021-04-23T23:31:52","slug":"papa-faz-visita-surpresa-aos-pobres-que-recebem-no-vaticano-2a-dose-anti-covid","status":"publish","type":"post","link":"https:\/\/portalcatolico.net\/portal\/papa-faz-visita-surpresa-aos-pobres-que-recebem-no-vaticano-2a-dose-anti-covid\/","title":{"rendered":"Papa faz visita surpresa aos pobres que recebem no Vaticano 2\u00aa dose anti-Covid"},"content":{"rendered":"<div class=\"article__subTitle\">O Papa saudou todos aqueles que aguardavam, na entrada da Sala Paulo VI, no Vaticano, receber a segunda dose da vacina anti-Covid. Francisco ofereceu um ovo de chocolate, que foi distribu\u00eddo a todos pelos volunt\u00e1rios, seguindo as medidas sanit\u00e1rias em vigor. Os presentes entoaram um canto de felicita\u00e7\u00f5es pelo onom\u00e1stico do Santo Padre, esta sexta-feira, dia 23, enquanto ele parou para conversar com alguns dos volunt\u00e1rios, num ambiente festivo e afetuoso.<\/div>\n<div>&nbsp;<\/div>\n<div class=\"title__separator\">\n<p>No dia de seu onom\u00e1stico, esta sexta-feira, 23 de abril, mem\u00f3ria lit\u00fargica de S\u00e3o Jorge M\u00e1rtir, pouco depois das 10h30 da manh\u00e3, o Papa Francisco foi ao \u00e1trio da Sala Paulo VI, no Vaticano, para visitar as pessoas necessitadas acolhidas e acompanhadas por algumas associa\u00e7\u00f5es romanas enquanto esperavam para serem vacinadas, informa um comunicado da Sala de Imprensa da Santa S\u00e9.<\/p>\n<p><strong>Um encontro festivo e afetuoso com o Santo Padre<\/strong><\/p>\n<p>O Papa saudou os presentes ao longo do percurso preparado no \u00e1trio para a vacina\u00e7\u00e3o, desde a entrada at\u00e9 a \u00e1rea de espera ap\u00f3s a conclus\u00e3o do procedimento pr\u00e9vio \u00e0 vacina\u00e7\u00e3o. No final do trajeto, Francisco parou para oferecer um ovo de chocolate, que foi distribu\u00eddo a todos pelos volunt\u00e1rios, de acordo com as medidas sanit\u00e1rias em vigor.<\/p>\n<p>Ao sair, informa ainda o referido comunicado, os presentes entoaram um canto de felicita\u00e7\u00f5es pelo onom\u00e1stico do Santo Padre, enquanto ele parou para conversar com alguns dos volunt\u00e1rios, num ambiente festivo e afetuoso, agradecendo-lhes e recomendando-lhes que &#8220;continuem em seu compromisso!<\/p>\n<p><strong>Gratid\u00e3o do Papa Francisco<\/strong><\/p>\n<p>Atrav\u00e9s do Esmoleiro, o Santo Padre dirigiu palavras de gratid\u00e3o \u00e0queles que contribu\u00edram para o procedimento de vacina\u00e7\u00e3o e para a iniciativa da &#8220;vacina suspensa&#8221; que permitir\u00e1 alcan\u00e7ar muitos que aguardam a vacina\u00e7\u00e3o nos pa\u00edses mais pobres.<\/p>\n<p>Pouco depois das 11h da manh\u00e3, o Papa Francisco voltou para a Casa Santa Marta. Nesta sexta-feira &#8220;ser\u00e3o vacinadas pouco menos de 600 das aproximadamente 1400 pessoas carentes que receberam a primeira dose semanas atr\u00e1s&#8221;, conclui a referida comunica\u00e7\u00e3o da Sala de Imprensa vaticana.<\/p>\n<p>Essas mulheres e homens fazem parte dos cerca de 1.400 benefici\u00e1rios da campanha de vacina\u00e7\u00e3o anti Covid-19 iniciada durante a Semana Santa pela Esmolaria Apost\u00f3lica em colabora\u00e7\u00e3o com outras associa\u00e7\u00f5es.<\/p>\n<p><iframe loading=\"lazy\"  id=\"_ytid_31084\"  width=\"480\" height=\"270\"  data-origwidth=\"480\" data-origheight=\"270\" src=\"https:\/\/www.youtube.com\/embed\/1hMeB4FSrZo?enablejsapi=1&#038;autoplay=0&#038;cc_load_policy=0&#038;cc_lang_pref=&#038;iv_load_policy=1&#038;loop=0&#038;rel=1&#038;fs=1&#038;playsinline=0&#038;autohide=2&#038;theme=dark&#038;color=red&#038;controls=1&#038;disablekb=0&#038;\" class=\"__youtube_prefs__  epyt-is-override  no-lazyload\" title=\"YouTube player\"  allow=\"fullscreen; accelerometer; autoplay; clipboard-write; encrypted-media; gyroscope; picture-in-picture; web-share\" referrerpolicy=\"strict-origin-when-cross-origin\" allowfullscreen data-no-lazy=\"1\" data-skipgform_ajax_framebjll=\"\"><\/iframe><\/p>\n<p><strong>Visita do Papa ao local de vacina\u00e7\u00e3o na Sala Paulo VI, no Vaticano<\/strong><\/p>\n<\/div>\n<div class=\"article__text \">\n<p><b>Por Raimundo de Lima &#8211; Vatican News<\/b><\/p>\n<\/div>\n","protected":false},"excerpt":{"rendered":"<p>O Papa saudou todos aqueles que aguardavam, na entrada da Sala Paulo VI, no Vaticano, receber a segunda dose da vacina anti-Covid. Francisco ofereceu um ovo de chocolate, que foi distribu\u00eddo a todos pelos volunt\u00e1rios, seguindo as medidas sanit\u00e1rias em vigor. Os presentes entoaram um canto de felicita\u00e7\u00f5es pelo onom\u00e1stico do Santo Padre, esta sexta-feira,&nbsp;<\/p>\n<p><a class=\"btn btn-style\" href=\"https:\/\/portalcatolico.net\/portal\/papa-faz-visita-surpresa-aos-pobres-que-recebem-no-vaticano-2a-dose-anti-covid\/\">Continue Reading<\/a><\/p>\n","protected":false},"author":2,"featured_media":71956,"comment_status":"open","ping_status":"open","sticky":false,"template":"","format":"standard","meta":{"footnotes":""},"categories":[5],"tags":[],"class_list":["post-71955","post","type-post","status-publish","format-standard","has-post-thumbnail","hentry","category-igreja_no_mundo"],"_links":{"self":[{"href":"https:\/\/portalcatolico.net\/portal\/wp-json\/wp\/v2\/posts\/71955","targetHints":{"allow":["GET"]}}],"collection":[{"href":"https:\/\/portalcatolico.net\/portal\/wp-json\/wp\/v2\/posts"}],"about":[{"href":"https:\/\/portalcatolico.net\/portal\/wp-json\/wp\/v2\/types\/post"}],"author":[{"embeddable":true,"href":"https:\/\/portalcatolico.net\/portal\/wp-json\/wp\/v2\/users\/2"}],"replies":[{"embeddable":true,"href":"https:\/\/portalcatolico.net\/portal\/wp-json\/wp\/v2\/comments?post=71955"}],"version-history":[{"count":1,"href":"https:\/\/portalcatolico.net\/portal\/wp-json\/wp\/v2\/posts\/71955\/revisions"}],"predecessor-version":[{"id":71957,"href":"https:\/\/portalcatolico.net\/portal\/wp-json\/wp\/v2\/posts\/71955\/revisions\/71957"}],"wp:featuredmedia":[{"embeddable":true,"href":"https:\/\/portalcatolico.net\/portal\/wp-json\/wp\/v2\/media\/71956"}],"wp:attachment":[{"href":"https:\/\/portalcatolico.net\/portal\/wp-json\/wp\/v2\/media?parent=71955"}],"wp:term":[{"taxonomy":"category","embeddable":true,"href":"https:\/\/portalcatolico.net\/portal\/wp-json\/wp\/v2\/categories?post=71955"},{"taxonomy":"post_tag","embeddable":true,"href":"https:\/\/portalcatolico.net\/portal\/wp-json\/wp\/v2\/tags?post=71955"}],"curies":[{"name":"wp","href":"https:\/\/api.w.org\/{rel}","templated":true}]}}