{"id":71942,"date":"2021-04-21T14:43:12","date_gmt":"2021-04-21T17:43:12","guid":{"rendered":"http:\/\/portalcatolico.net\/portal\/?p=71942"},"modified":"2021-04-21T14:43:38","modified_gmt":"2021-04-21T17:43:38","slug":"por-que-devemos-rezar-senhor-eu-creio-mas-aumentai-a-minha-fe","status":"publish","type":"post","link":"https:\/\/portalcatolico.net\/portal\/por-que-devemos-rezar-senhor-eu-creio-mas-aumentai-a-minha-fe\/","title":{"rendered":"Por que devemos rezar \u201cSenhor, eu creio, mas aumentai a minha f\u00e9\u201d?"},"content":{"rendered":"<p class=\"subtitle\"><strong>Mesmo os disc\u00edpulos, que conviveram com Jesus, foram muitas vezes repreendidos pelo mestre por causa da falta de f\u00e9.<\/strong><\/p>\n<p>Em todos os momentos, principalmente nos mais dif\u00edceis, devemos recorrer a esta pequena ora\u00e7\u00e3o: \u201cSenhor, eu creio, mas aumentai a minha f\u00e9\u201d.<\/p>\n<p>De fato, n\u00e3o tem sido f\u00e1cil enfrentar esse per\u00edodo de pandemia. A Covid-19 tem feito muitas v\u00edtimas, deixando fam\u00edlias em luto por seus entes queridos, v\u00edtimas dessa doen\u00e7a.<br \/>\nMuitas vezes, diante desse cen\u00e1rio, nossa f\u00e9 pode ficar abalada. Somos humanos, fracos e ca\u00edmos com frequ\u00eancia.<\/p>\n<p>Mesmo os disc\u00edpulos, que conviveram com Jesus, foram muitas vezes repreendidos pelo mestre por causa da falta de f\u00e9.<\/p>\n<p>Mas temos um Deus que renova a nossa for\u00e7a, a nossa esperan\u00e7a.<br \/>\nDeus quer a vida, e n\u00e3o a morte. Deus quer a convers\u00e3o dos pecadores e n\u00e3o a condena\u00e7\u00e3o. E Jesus nos ensinou:<\/p>\n<blockquote class=\"wp-block-quote\"><p>\u201cEu vim para que as ovelhas tenham vida, e para que a tenham em abund\u00e2ncia\u201d (Jo\u00e3o 10, 10).<\/p><\/blockquote>\n<p>Devemos clamar o Esp\u00edrito Santo, para que Ele transforme a nossa vida, renove nossa esperan\u00e7a e a nossa f\u00e9. Por mais que os dias atuais sejam de d\u00favidas e incertezas, n\u00e3o podemos perder a esperan\u00e7a de que Deus est\u00e1 ao nosso lado.<\/p>\n<p>O Salmo 22 nos mostra que<\/p>\n<blockquote class=\"wp-block-quote\"><p>\u201cainda que atravesse o vale escuro, nada temerei, pois est\u00e1s comigo\u201d (v. 4).<\/p><\/blockquote>\n<p>Por isso devemos rezar sempre esta pequena ora\u00e7\u00e3o: \u201cSenhor, eu creio, mas aumenta a minha f\u00e9!\u201d(Aleteia)<\/p>\n","protected":false},"excerpt":{"rendered":"<p>Mesmo os disc\u00edpulos, que conviveram com Jesus, foram muitas vezes repreendidos pelo mestre por causa da falta de f\u00e9. Em todos os momentos, principalmente nos mais dif\u00edceis, devemos recorrer a esta pequena ora\u00e7\u00e3o: \u201cSenhor, eu creio, mas aumentai a minha f\u00e9\u201d. De fato, n\u00e3o tem sido f\u00e1cil enfrentar esse per\u00edodo de pandemia. A Covid-19 tem&nbsp;<\/p>\n<p><a class=\"btn btn-style\" href=\"https:\/\/portalcatolico.net\/portal\/por-que-devemos-rezar-senhor-eu-creio-mas-aumentai-a-minha-fe\/\">Continue Reading<\/a><\/p>\n","protected":false},"author":2,"featured_media":71943,"comment_status":"open","ping_status":"open","sticky":false,"template":"","format":"standard","meta":{"footnotes":""},"categories":[69],"tags":[],"class_list":["post-71942","post","type-post","status-publish","format-standard","has-post-thumbnail","hentry","category-artigos"],"_links":{"self":[{"href":"https:\/\/portalcatolico.net\/portal\/wp-json\/wp\/v2\/posts\/71942","targetHints":{"allow":["GET"]}}],"collection":[{"href":"https:\/\/portalcatolico.net\/portal\/wp-json\/wp\/v2\/posts"}],"about":[{"href":"https:\/\/portalcatolico.net\/portal\/wp-json\/wp\/v2\/types\/post"}],"author":[{"embeddable":true,"href":"https:\/\/portalcatolico.net\/portal\/wp-json\/wp\/v2\/users\/2"}],"replies":[{"embeddable":true,"href":"https:\/\/portalcatolico.net\/portal\/wp-json\/wp\/v2\/comments?post=71942"}],"version-history":[{"count":2,"href":"https:\/\/portalcatolico.net\/portal\/wp-json\/wp\/v2\/posts\/71942\/revisions"}],"predecessor-version":[{"id":71945,"href":"https:\/\/portalcatolico.net\/portal\/wp-json\/wp\/v2\/posts\/71942\/revisions\/71945"}],"wp:featuredmedia":[{"embeddable":true,"href":"https:\/\/portalcatolico.net\/portal\/wp-json\/wp\/v2\/media\/71943"}],"wp:attachment":[{"href":"https:\/\/portalcatolico.net\/portal\/wp-json\/wp\/v2\/media?parent=71942"}],"wp:term":[{"taxonomy":"category","embeddable":true,"href":"https:\/\/portalcatolico.net\/portal\/wp-json\/wp\/v2\/categories?post=71942"},{"taxonomy":"post_tag","embeddable":true,"href":"https:\/\/portalcatolico.net\/portal\/wp-json\/wp\/v2\/tags?post=71942"}],"curies":[{"name":"wp","href":"https:\/\/api.w.org\/{rel}","templated":true}]}}