{"id":71938,"date":"2021-04-21T14:33:42","date_gmt":"2021-04-21T17:33:42","guid":{"rendered":"http:\/\/portalcatolico.net\/portal\/?p=71938"},"modified":"2021-04-21T14:34:22","modified_gmt":"2021-04-21T17:34:22","slug":"no-mes-de-maria-papa-francisco-convoca-30-dias-de-oracao-pelo-fim-da-pandemia","status":"publish","type":"post","link":"https:\/\/portalcatolico.net\/portal\/no-mes-de-maria-papa-francisco-convoca-30-dias-de-oracao-pelo-fim-da-pandemia\/","title":{"rendered":"No m\u00eas de Maria Papa Francisco convoca 30 dias de ora\u00e7\u00e3o pelo fim da pandemia"},"content":{"rendered":"<p>No pr\u00f3ximo dia 1\u00ba de maio, o Santo Padre convoca os cat\u00f3licos a um per\u00edodo de 30 dias de ora\u00e7\u00e3o para pedir a intercess\u00e3o da&nbsp;Virgem Maria&nbsp;pelo fim da pandemia de Covid-19.<\/p>\n<p><strong>A jornada de ora\u00e7\u00e3o ter\u00e1 por tema: \u201cA ora\u00e7\u00e3o a Deus subia incessantemente por parte de toda a&nbsp;Igreja\u201d.<\/strong><\/p>\n<p>A iniciativa foi comunicada pelo Pontif\u00edcio Conselho para a Promo\u00e7\u00e3o da Nova Evangeliza\u00e7\u00e3o e &nbsp;ressalta que a mesma ocorre a pedido do Papa Francisco: \u201cA iniciativa envolver\u00e1 de maneira especial todos os Santu\u00e1rios do mundo, para que promovam junto aos fi\u00e9is, fam\u00edlias e comunidades a ora\u00e7\u00e3o do Ros\u00e1rio pedindo o fim da pandemia.<\/p>\n<p>As ora\u00e7\u00f5es ser\u00e3o dirigidas em trinta santu\u00e1rios representativos, espalhados por todo o mundo, e ser\u00e3o transmitidas ao vivo nos canais oficiais da Santa S\u00e9 \u00e0s 18 horas (Roma hora), todos os dias&#8221;.<\/p>\n<p>O Santu\u00e1rio de F\u00e1tima em Portugal, est\u00e1 na lista dos locais onde os fi\u00e9is poder\u00e3o unir-se ao Santo Padre nesta inten\u00e7\u00e3o ou acompanhar desde suas casas a recita\u00e7\u00e3o do Ros\u00e1rio pedindo o fim da pandemia de Covid-19 que j\u00e1 deixou um saldo de mais de 3 milh\u00f5es de mortos em todo o mundo desde seu in\u00edcio em 2020.(ACI)<\/p>\n<p>&nbsp;Foto: Daniel Ibanez \/ ACI<\/p>\n","protected":false},"excerpt":{"rendered":"<p>No pr\u00f3ximo dia 1\u00ba de maio, o Santo Padre convoca os cat\u00f3licos a um per\u00edodo de 30 dias de ora\u00e7\u00e3o para pedir a intercess\u00e3o da&nbsp;Virgem Maria&nbsp;pelo fim da pandemia de Covid-19. A jornada de ora\u00e7\u00e3o ter\u00e1 por tema: \u201cA ora\u00e7\u00e3o a Deus subia incessantemente por parte de toda a&nbsp;Igreja\u201d. A iniciativa foi comunicada pelo Pontif\u00edcio&nbsp;<\/p>\n<p><a class=\"btn btn-style\" href=\"https:\/\/portalcatolico.net\/portal\/no-mes-de-maria-papa-francisco-convoca-30-dias-de-oracao-pelo-fim-da-pandemia\/\">Continue Reading<\/a><\/p>\n","protected":false},"author":2,"featured_media":71939,"comment_status":"open","ping_status":"open","sticky":false,"template":"","format":"standard","meta":{"footnotes":""},"categories":[4],"tags":[],"class_list":["post-71938","post","type-post","status-publish","format-standard","has-post-thumbnail","hentry","category-destaques"],"_links":{"self":[{"href":"https:\/\/portalcatolico.net\/portal\/wp-json\/wp\/v2\/posts\/71938","targetHints":{"allow":["GET"]}}],"collection":[{"href":"https:\/\/portalcatolico.net\/portal\/wp-json\/wp\/v2\/posts"}],"about":[{"href":"https:\/\/portalcatolico.net\/portal\/wp-json\/wp\/v2\/types\/post"}],"author":[{"embeddable":true,"href":"https:\/\/portalcatolico.net\/portal\/wp-json\/wp\/v2\/users\/2"}],"replies":[{"embeddable":true,"href":"https:\/\/portalcatolico.net\/portal\/wp-json\/wp\/v2\/comments?post=71938"}],"version-history":[{"count":2,"href":"https:\/\/portalcatolico.net\/portal\/wp-json\/wp\/v2\/posts\/71938\/revisions"}],"predecessor-version":[{"id":71941,"href":"https:\/\/portalcatolico.net\/portal\/wp-json\/wp\/v2\/posts\/71938\/revisions\/71941"}],"wp:featuredmedia":[{"embeddable":true,"href":"https:\/\/portalcatolico.net\/portal\/wp-json\/wp\/v2\/media\/71939"}],"wp:attachment":[{"href":"https:\/\/portalcatolico.net\/portal\/wp-json\/wp\/v2\/media?parent=71938"}],"wp:term":[{"taxonomy":"category","embeddable":true,"href":"https:\/\/portalcatolico.net\/portal\/wp-json\/wp\/v2\/categories?post=71938"},{"taxonomy":"post_tag","embeddable":true,"href":"https:\/\/portalcatolico.net\/portal\/wp-json\/wp\/v2\/tags?post=71938"}],"curies":[{"name":"wp","href":"https:\/\/api.w.org\/{rel}","templated":true}]}}