{"id":71933,"date":"2021-04-20T21:07:33","date_gmt":"2021-04-21T00:07:33","guid":{"rendered":"http:\/\/portalcatolico.net\/portal\/?p=71933"},"modified":"2021-04-20T21:08:08","modified_gmt":"2021-04-21T00:08:08","slug":"radio-excelsior-lanca-campanha-solidaria-para-manutencao-da-programacao-religiosa","status":"publish","type":"post","link":"https:\/\/portalcatolico.net\/portal\/radio-excelsior-lanca-campanha-solidaria-para-manutencao-da-programacao-religiosa\/","title":{"rendered":"R\u00e1dio Excelsior lan\u00e7a campanha solid\u00e1ria para manuten\u00e7\u00e3o da programa\u00e7\u00e3o religiosa"},"content":{"rendered":"<p><strong><em>Saiba como ajudar a &#8220;Voz do Senhor do Bonfim&#8221;<\/em><\/strong><\/p>\n<p>A R\u00e1dio Excelsior &#8211; &#8220;A voz do Senhor do Bonfim&#8221; lan\u00e7ou uma&nbsp;campanha solid\u00e1ria&nbsp;para a manuten\u00e7\u00e3o da programa\u00e7\u00e3o religiosa.&nbsp; Atrav\u00e9s do slogan&nbsp;&#8220;Mantenha este cora\u00e7\u00e3o pulsando forte&#8221; a a\u00e7\u00e3o&nbsp;convida os fi\u00e9is tamb\u00e9m a&nbsp;participarem da Fam\u00edlia Excelsior.&nbsp;<\/p>\n<p>Os interessados em ajudar podem contribuir atrav\u00e9s de pix, dep\u00f3sito ou transfer\u00eancia banc\u00e1ria (TED). Veja os dados abaixo:&nbsp;<\/p>\n<p><strong>PIX<br \/>\nChave Pix<\/strong>:&nbsp;pix@am840.com.br&nbsp;<br \/>\n<strong>Banco<\/strong>: Bradesco<\/p>\n<p><strong>Dep\u00f3sito ou transfer\u00eancia Banc\u00e1ria (TED)<\/strong><\/p>\n<p><strong>Banco Bradesco (237)<br \/>\nAg\u00eancia:<\/strong>&nbsp;3072&nbsp;<br \/>\n<strong>Conta Corrente:<\/strong>&nbsp;51.382-2<br \/>\n<strong>Benefici\u00e1rio:<\/strong>&nbsp;Funda\u00e7\u00e3o Dom Avelar Brand\u00e3o Vilela<br \/>\n<strong>CNPJ:&nbsp;<\/strong>16.406.522\/001-28<\/p>\n<p><strong>Cart\u00e3o de cr\u00e9dito&nbsp;<\/strong><br \/>\nIgreja da Lapa &#8211; Av. Joana Ang\u00e9lica; Telefone: (71) 3326-4676<br \/>\nIgreja S\u00e3o Pedro, Pra\u00e7a da Piedade 11, Telefone: (71) 3329-3280<br \/>\nSede Fam\u00edlia Excelsior, Rua Martin Afonso de Sousa, 270 Garcia; Telefone: (71) 3114-3333 (fecatolica)<\/p>\n","protected":false},"excerpt":{"rendered":"<p>Saiba como ajudar a &#8220;Voz do Senhor do Bonfim&#8221; A R\u00e1dio Excelsior &#8211; &#8220;A voz do Senhor do Bonfim&#8221; lan\u00e7ou uma&nbsp;campanha solid\u00e1ria&nbsp;para a manuten\u00e7\u00e3o da programa\u00e7\u00e3o religiosa.&nbsp; Atrav\u00e9s do slogan&nbsp;&#8220;Mantenha este cora\u00e7\u00e3o pulsando forte&#8221; a a\u00e7\u00e3o&nbsp;convida os fi\u00e9is tamb\u00e9m a&nbsp;participarem da Fam\u00edlia Excelsior.&nbsp; Os interessados em ajudar podem contribuir atrav\u00e9s de pix, dep\u00f3sito ou transfer\u00eancia&nbsp;<\/p>\n<p><a class=\"btn btn-style\" href=\"https:\/\/portalcatolico.net\/portal\/radio-excelsior-lanca-campanha-solidaria-para-manutencao-da-programacao-religiosa\/\">Continue Reading<\/a><\/p>\n","protected":false},"author":2,"featured_media":71934,"comment_status":"open","ping_status":"open","sticky":false,"template":"","format":"standard","meta":{"footnotes":""},"categories":[3],"tags":[],"class_list":["post-71933","post","type-post","status-publish","format-standard","has-post-thumbnail","hentry","category-noticias_regionais"],"_links":{"self":[{"href":"https:\/\/portalcatolico.net\/portal\/wp-json\/wp\/v2\/posts\/71933","targetHints":{"allow":["GET"]}}],"collection":[{"href":"https:\/\/portalcatolico.net\/portal\/wp-json\/wp\/v2\/posts"}],"about":[{"href":"https:\/\/portalcatolico.net\/portal\/wp-json\/wp\/v2\/types\/post"}],"author":[{"embeddable":true,"href":"https:\/\/portalcatolico.net\/portal\/wp-json\/wp\/v2\/users\/2"}],"replies":[{"embeddable":true,"href":"https:\/\/portalcatolico.net\/portal\/wp-json\/wp\/v2\/comments?post=71933"}],"version-history":[{"count":3,"href":"https:\/\/portalcatolico.net\/portal\/wp-json\/wp\/v2\/posts\/71933\/revisions"}],"predecessor-version":[{"id":71937,"href":"https:\/\/portalcatolico.net\/portal\/wp-json\/wp\/v2\/posts\/71933\/revisions\/71937"}],"wp:featuredmedia":[{"embeddable":true,"href":"https:\/\/portalcatolico.net\/portal\/wp-json\/wp\/v2\/media\/71934"}],"wp:attachment":[{"href":"https:\/\/portalcatolico.net\/portal\/wp-json\/wp\/v2\/media?parent=71933"}],"wp:term":[{"taxonomy":"category","embeddable":true,"href":"https:\/\/portalcatolico.net\/portal\/wp-json\/wp\/v2\/categories?post=71933"},{"taxonomy":"post_tag","embeddable":true,"href":"https:\/\/portalcatolico.net\/portal\/wp-json\/wp\/v2\/tags?post=71933"}],"curies":[{"name":"wp","href":"https:\/\/api.w.org\/{rel}","templated":true}]}}