{"id":71930,"date":"2021-04-20T20:49:55","date_gmt":"2021-04-20T23:49:55","guid":{"rendered":"http:\/\/portalcatolico.net\/portal\/?p=71930"},"modified":"2021-04-20T20:49:55","modified_gmt":"2021-04-20T23:49:55","slug":"santo-do-dia-santo-expedito-padroeiro-das-causas-urgentes","status":"publish","type":"post","link":"https:\/\/portalcatolico.net\/portal\/santo-do-dia-santo-expedito-padroeiro-das-causas-urgentes\/","title":{"rendered":"Santo do dia: Santo Expedito, padroeiro das causas urgentes"},"content":{"rendered":"<p>Comandante da legi\u00e3o romana e m\u00e1rtir da&nbsp;Igreja&nbsp;do s\u00e9culo IV, Santo Expedito, cuja festa \u00e9 celebrada neste dia 19 de abril, \u00e9 tradicionalmente invocado diante de problemas urgentes. \u00c9 venerado, por exemplo, como protetor de problemas no trabalho, fam\u00edlia e em casos de ju\u00edzo. Este t\u00edtulo se deve a uma r\u00e1pida a\u00e7\u00e3o que realizou contra o dem\u00f4nio.<\/p>\n<p>Segundo a tradi\u00e7\u00e3o, quando Santo Expedito ia se converter, o maligno se aproximou dele como um corvo e come\u00e7ou a gritar: \u201ccras, cras, cras\u201d, que em latim significa \u201camanh\u00e3, amanh\u00e3, amanh\u00e3\u201d. Tudo para fazer com que deixasse a sua decis\u00e3o para depois e sua f\u00e9 se esfriaria.<\/p>\n<p>O santo imediatamente esmagou o corvo tentador, dizendo: \u201cHodie, hodie, hodie!\u201d, que significa \u201choje, hoje, hoje\u201d. \u201cN\u00f3s n\u00e3o vamos deixar nada para amanh\u00e3, a partir de hoje serei crist\u00e3o\u201d, acrescentou. No final, morreu como um m\u00e1rtir valente.<\/p>\n<p>Santo Expedito tamb\u00e9m \u00e9 protetor dos jovens, estudantes e enfermos. Ele \u00e9 retratado como um soldado com uma cruz na qual est\u00e1 escrito \u201chodie\u201d (hoje) e a folha de palmeira, simbolizando o mart\u00edrio. Em seus p\u00e9s, aparece um corvo com a palavra \u201ccras\u201d (manh\u00e3).<\/p>\n<p>Neste dia, ao celebrar o santo das causas urgentes, reze esta ora\u00e7\u00e3o:<\/p>\n<p>\u201cMeu Santo Expedito das causas justas e urgentes, interceda por mim junto ao nosso Senhor Jesus Cristo, socorre-me nesta hora de afli\u00e7\u00e3o e desespero. V\u00f3s que sois o Santo dos desesperados, V\u00f3s que sois o Santo das causas urgentes, proteja-me, ajuda-me, dai-me for\u00e7a, coragem e serenidade. Atenda ao meu pedido.<\/p>\n<p>Meu Santo Expedito! Ajuda-me a superar estas horas dif\u00edceis, proteja-me de todos que possam me prejudicar, proteja a minha fam\u00edlia, atenda ao meu pedido com urg\u00eancia. Devolva-me a paz e a tranquilidade. Meu Santo Expedito! Serei grato pelo resto de minha&nbsp;vida&nbsp;e levarei seu nome a todos que t\u00eam f\u00e9. Muito obrigado. Am\u00e9m\u201d.(ACI) Foto: Divulga\u00e7\u00e3o\/Internet<\/p>\n","protected":false},"excerpt":{"rendered":"<p>Comandante da legi\u00e3o romana e m\u00e1rtir da&nbsp;Igreja&nbsp;do s\u00e9culo IV, Santo Expedito, cuja festa \u00e9 celebrada neste dia 19 de abril, \u00e9 tradicionalmente invocado diante de problemas urgentes. \u00c9 venerado, por exemplo, como protetor de problemas no trabalho, fam\u00edlia e em casos de ju\u00edzo. Este t\u00edtulo se deve a uma r\u00e1pida a\u00e7\u00e3o que realizou contra o&nbsp;<\/p>\n<p><a class=\"btn btn-style\" href=\"https:\/\/portalcatolico.net\/portal\/santo-do-dia-santo-expedito-padroeiro-das-causas-urgentes\/\">Continue Reading<\/a><\/p>\n","protected":false},"author":2,"featured_media":71931,"comment_status":"open","ping_status":"open","sticky":false,"template":"","format":"standard","meta":{"footnotes":""},"categories":[4],"tags":[],"class_list":["post-71930","post","type-post","status-publish","format-standard","has-post-thumbnail","hentry","category-destaques"],"_links":{"self":[{"href":"https:\/\/portalcatolico.net\/portal\/wp-json\/wp\/v2\/posts\/71930","targetHints":{"allow":["GET"]}}],"collection":[{"href":"https:\/\/portalcatolico.net\/portal\/wp-json\/wp\/v2\/posts"}],"about":[{"href":"https:\/\/portalcatolico.net\/portal\/wp-json\/wp\/v2\/types\/post"}],"author":[{"embeddable":true,"href":"https:\/\/portalcatolico.net\/portal\/wp-json\/wp\/v2\/users\/2"}],"replies":[{"embeddable":true,"href":"https:\/\/portalcatolico.net\/portal\/wp-json\/wp\/v2\/comments?post=71930"}],"version-history":[{"count":1,"href":"https:\/\/portalcatolico.net\/portal\/wp-json\/wp\/v2\/posts\/71930\/revisions"}],"predecessor-version":[{"id":71932,"href":"https:\/\/portalcatolico.net\/portal\/wp-json\/wp\/v2\/posts\/71930\/revisions\/71932"}],"wp:featuredmedia":[{"embeddable":true,"href":"https:\/\/portalcatolico.net\/portal\/wp-json\/wp\/v2\/media\/71931"}],"wp:attachment":[{"href":"https:\/\/portalcatolico.net\/portal\/wp-json\/wp\/v2\/media?parent=71930"}],"wp:term":[{"taxonomy":"category","embeddable":true,"href":"https:\/\/portalcatolico.net\/portal\/wp-json\/wp\/v2\/categories?post=71930"},{"taxonomy":"post_tag","embeddable":true,"href":"https:\/\/portalcatolico.net\/portal\/wp-json\/wp\/v2\/tags?post=71930"}],"curies":[{"name":"wp","href":"https:\/\/api.w.org\/{rel}","templated":true}]}}