{"id":71927,"date":"2021-04-20T20:33:13","date_gmt":"2021-04-20T23:33:13","guid":{"rendered":"http:\/\/portalcatolico.net\/portal\/?p=71927"},"modified":"2021-04-20T20:33:13","modified_gmt":"2021-04-20T23:33:13","slug":"eu-estou-contigo-todos-os-dias-tema-do-i-dia-mundial-dos-avos","status":"publish","type":"post","link":"https:\/\/portalcatolico.net\/portal\/eu-estou-contigo-todos-os-dias-tema-do-i-dia-mundial-dos-avos\/","title":{"rendered":"&#8220;Eu estou contigo todos os dias&#8221;: tema do I Dia Mundial dos Av\u00f3s"},"content":{"rendered":"<div class=\"article__subTitle\">O Discast\u00e9rio para os Leigos, a Fam\u00edlia e a Vida divulgou o tema do I Dia Mundial dos Av\u00f3s. A escolha, inspirada no Evangelho de Mateus, foi feita pelo Papa Francisco.Domingo, 25 de julho, ser\u00e1 comemorado o Primeiro Dia Mundial dos Av\u00f3s e dos Idosos.<\/p>\n<p>O tema escolhido pelo Papa Francisco para a ocasi\u00e3o \u00e9 \u201cEu estou contigo todos os dias\u201d (cf. Mt 28,20) e tem a finalidade de expressar a proximidade do Senhor e da Igreja na vida de cada idoso, especialmente neste momento dif\u00edcil de pandemia.<\/p>\n<p>\u201c\u2019Eu estou contigo todos os dias\u2019 \u00e9 tamb\u00e9m uma promessa de proximidade e de esperan\u00e7a de que jovens e idosos possam entender-se mutuamente\u201d, l\u00ea-se num comunicado de imprensa divulgado neste dia 20 de abril pelo Dicast\u00e9rio para os Leigos, a Fam\u00edlia e a Vida.<\/p>\n<p>De fato, n\u00e3o s\u00e3o s\u00f3 os netos e os jovens que s\u00e3o chamados a estar presentes na vida dos idosos, mas os av\u00f3s e as pessoas idosas tamb\u00e9m t\u00eam uma miss\u00e3o evangelizadora, uma miss\u00e3o de anunciar, de rezar e de gerar jovens para a f\u00e9.&nbsp;<\/p>\n<p>Para promover a celebra\u00e7\u00e3o desse Dia nas igrejas locais e nas realidades associativas, o Dicast\u00e9rio vai propor, a partir da metade de junho, alguns subs\u00eddios pastorais, que estar\u00e3o dispon\u00edveis&nbsp;<a href=\"http:\/\/www.amorislaetitia.va\/\" target=\"_blank\" rel=\"external noopener\">neste site<\/a><\/p>\n<\/div>\n<div class=\"title__separator\"><b>Fonte:Vatican News<\/b><\/div>\n","protected":false},"excerpt":{"rendered":"<p>O Discast\u00e9rio para os Leigos, a Fam\u00edlia e a Vida divulgou o tema do I Dia Mundial dos Av\u00f3s. A escolha, inspirada no Evangelho de Mateus, foi feita pelo Papa Francisco.Domingo, 25 de julho, ser\u00e1 comemorado o Primeiro Dia Mundial dos Av\u00f3s e dos Idosos. O tema escolhido pelo Papa Francisco para a ocasi\u00e3o \u00e9&nbsp;<\/p>\n<p><a class=\"btn btn-style\" href=\"https:\/\/portalcatolico.net\/portal\/eu-estou-contigo-todos-os-dias-tema-do-i-dia-mundial-dos-avos\/\">Continue Reading<\/a><\/p>\n","protected":false},"author":2,"featured_media":71928,"comment_status":"open","ping_status":"open","sticky":false,"template":"","format":"standard","meta":{"footnotes":""},"categories":[5],"tags":[],"class_list":["post-71927","post","type-post","status-publish","format-standard","has-post-thumbnail","hentry","category-igreja_no_mundo"],"_links":{"self":[{"href":"https:\/\/portalcatolico.net\/portal\/wp-json\/wp\/v2\/posts\/71927","targetHints":{"allow":["GET"]}}],"collection":[{"href":"https:\/\/portalcatolico.net\/portal\/wp-json\/wp\/v2\/posts"}],"about":[{"href":"https:\/\/portalcatolico.net\/portal\/wp-json\/wp\/v2\/types\/post"}],"author":[{"embeddable":true,"href":"https:\/\/portalcatolico.net\/portal\/wp-json\/wp\/v2\/users\/2"}],"replies":[{"embeddable":true,"href":"https:\/\/portalcatolico.net\/portal\/wp-json\/wp\/v2\/comments?post=71927"}],"version-history":[{"count":1,"href":"https:\/\/portalcatolico.net\/portal\/wp-json\/wp\/v2\/posts\/71927\/revisions"}],"predecessor-version":[{"id":71929,"href":"https:\/\/portalcatolico.net\/portal\/wp-json\/wp\/v2\/posts\/71927\/revisions\/71929"}],"wp:featuredmedia":[{"embeddable":true,"href":"https:\/\/portalcatolico.net\/portal\/wp-json\/wp\/v2\/media\/71928"}],"wp:attachment":[{"href":"https:\/\/portalcatolico.net\/portal\/wp-json\/wp\/v2\/media?parent=71927"}],"wp:term":[{"taxonomy":"category","embeddable":true,"href":"https:\/\/portalcatolico.net\/portal\/wp-json\/wp\/v2\/categories?post=71927"},{"taxonomy":"post_tag","embeddable":true,"href":"https:\/\/portalcatolico.net\/portal\/wp-json\/wp\/v2\/tags?post=71927"}],"curies":[{"name":"wp","href":"https:\/\/api.w.org\/{rel}","templated":true}]}}