{"id":71924,"date":"2021-04-19T19:01:18","date_gmt":"2021-04-19T22:01:18","guid":{"rendered":"http:\/\/portalcatolico.net\/portal\/?p=71924"},"modified":"2021-04-19T19:01:18","modified_gmt":"2021-04-19T22:01:18","slug":"monges-que-deram-a-vida-para-defender-a-eucaristia-sao-beatificados","status":"publish","type":"post","link":"https:\/\/portalcatolico.net\/portal\/monges-que-deram-a-vida-para-defender-a-eucaristia-sao-beatificados\/","title":{"rendered":"Monges que deram a vida para defender a Eucaristia s\u00e3o beatificados"},"content":{"rendered":"<p>O cardeal Marcello Semeraro, prefeito da Congrega\u00e7\u00e3o para as Causas dos Santos, beatificou seis monges cistercienses m\u00e1rtires da&nbsp;Eucaristia, neste s\u00e1bado, 17 de abril.<\/p>\n<p>O cardeal italiano presidiu a&nbsp;missa&nbsp;de beatifica\u00e7\u00e3o na Abadia cisterciense de Casamari, na It\u00e1lia, onde est\u00e3o sepultados os sacerdotes Simeone Cardon, Domenico Zawrel, e os religiosos Maturino Pitri, Albertino Maisonade, Modesto Burgen e Zosimo Brambat, que em 13 de maio de 1799 foram mortos por \u00f3dio \u00e0 f\u00e9 enquanto defendiam a Eucaristia.<\/p>\n<p>Segundo Vatican News, o cardeal Semeraro disse em sua homilia que o mart\u00edrio dos novos beatos est\u00e1 &#8220;distante no tempo&#8221;, mas isso &#8220;n\u00e3o o torna menos relevante&#8221;.<\/p>\n<p>\u201cEram homens fr\u00e1geis e medrosos: vulner\u00e1veis, como todos somos um pouco e como se demonstra especialmente nesta fase da pandemia\u201d, disse o Cardeal.<\/p>\n<p>\u201cEsses m\u00e1rtires n\u00e3o eram her\u00f3is &#8216;de hist\u00f3rias em quadrinhos&#8217;, mas pessoas normais. Eram homens medrosos, como todos n\u00f3s. N\u00e3o eram &#8216;guerreiros&#8217;, mas testemunhas do amor de Jesus que dizia aos seus disc\u00edpulos: &#8216;N\u00e3o tenham medo!'&#8221;.<\/p>\n<p>O prefeito ressaltou que o testemunho destes m\u00e1rtires fala tamb\u00e9m ao povo de hoje: \u201cNenhum de n\u00f3s poder\u00e1 perseverar no seguimento de Cristo sem tribula\u00e7\u00e3o, sem conflito, sem &#8216;combate espiritual&#8217;\u201d, afirmou.<\/p>\n<p>O cardeal Semeraro destacou a import\u00e2ncia deste combate &#8220;para matar os desejos e os afetos desordenados para sempre fazer a vontade de Deus&#8221;, como fizeram esses monges.<\/p>\n<p>\u201cEles cuidam de n\u00f3s. Esta \u00e9 a certeza reconfortante que deve invadir os nossos cora\u00e7\u00f5es\u201d, destacou.<\/p>\n<p>Depois de rezar o Regina Caeli neste domingo na Pra\u00e7a de S\u00e3o Pedro, o Papa Francisco afirmou que \u201cem 1799, quando os soldados franceses em retirada de N\u00e1poles saquearam igrejas e mosteiros, estes mansos disc\u00edpulos de Cristo resistiram com coragem heroica, at\u00e9 \u00e0 morte, para defender a Eucaristia da profana\u00e7\u00e3o\u201d.<\/p>\n<p>\u201cQue o seu exemplo nos estimule a um maior compromisso de fidelidade a Deus, capaz tamb\u00e9m de transformar a sociedade e de a tornar mais justa e fraterna. Um aplauso aos novos Beatos!\u201d, disse o Pont\u00edfice.<\/p>\n<p><strong>O mart\u00edrio em Casamari<\/strong><\/p>\n<p>Na noite de 13 de maio de 1799, o mosteiro cisterciense de Casamari (It\u00e1lia), foi palco do assassinato de cinco religiosos por revolucion\u00e1rios franceses que tentavam criar no antigo reino de N\u00e1poles uma rep\u00fablica sat\u00e9lite da Rep\u00fablica Francesa. Um sexto monge da comunidade foi assassinado tr\u00eas dias depois.<\/p>\n<p>No contexto da Revolu\u00e7\u00e3o Francesa, a rec\u00e9m-criada Rep\u00fablica tentou estabelecer um regime aliado no Reino de N\u00e1poles, que ocupava o centro e a metade sul da atual It\u00e1lia, onde reinava a Casa de Bourbon.<\/p>\n<p>No entanto, a tentativa fracassou e os revolucion\u00e1rios fugiram de forma desorganizada para o norte, pressionados pelas tropas de Bourbon e seus aliados ingleses.<\/p>\n<p>Na fuga, saquearam v\u00e1rias cidades italianas, assassinando muitos moradores e atacando o clero e as propriedades da&nbsp;Igreja.<\/p>\n<p>Depois de saquear e profanar o famoso mosteiro de Montecassino, os revolucion\u00e1rios franceses chegaram \u00e0 cidade de Isola del Liri, onde em 12 de maio de 1799 assassinaram mais de quinhentas pessoas que se refugiaram dentro da igreja de S\u00e3o Louren\u00e7o M\u00e1rtir.<\/p>\n<p>No dia seguinte, os revolucion\u00e1rios chegaram \u00e0 Abadia de Casamari com a inten\u00e7\u00e3o de saque\u00e1-la. Quando chegaram, alguns dos monges fugiram, mas seis deles ficaram para proteger a Eucaristia.<\/p>\n<p>A abadia carecia de objetos de valor para os revolucion\u00e1rios que, cegos pela raiva por n\u00e3o poder levar riquezas e por seu \u00f3dio anticlerical, assassinaram cinco dos monges com suas baionetas. O sexto monge, Zosimo Brambat, morreu tr\u00eas dias depois.<\/p>\n<p>Por Walter S\u00e1nchez Silva<\/p>\n","protected":false},"excerpt":{"rendered":"<p>O cardeal Marcello Semeraro, prefeito da Congrega\u00e7\u00e3o para as Causas dos Santos, beatificou seis monges cistercienses m\u00e1rtires da&nbsp;Eucaristia, neste s\u00e1bado, 17 de abril. O cardeal italiano presidiu a&nbsp;missa&nbsp;de beatifica\u00e7\u00e3o na Abadia cisterciense de Casamari, na It\u00e1lia, onde est\u00e3o sepultados os sacerdotes Simeone Cardon, Domenico Zawrel, e os religiosos Maturino Pitri, Albertino Maisonade, Modesto Burgen e&nbsp;<\/p>\n<p><a class=\"btn btn-style\" href=\"https:\/\/portalcatolico.net\/portal\/monges-que-deram-a-vida-para-defender-a-eucaristia-sao-beatificados\/\">Continue Reading<\/a><\/p>\n","protected":false},"author":2,"featured_media":71925,"comment_status":"open","ping_status":"open","sticky":false,"template":"","format":"standard","meta":{"footnotes":""},"categories":[5],"tags":[],"class_list":["post-71924","post","type-post","status-publish","format-standard","has-post-thumbnail","hentry","category-igreja_no_mundo"],"_links":{"self":[{"href":"https:\/\/portalcatolico.net\/portal\/wp-json\/wp\/v2\/posts\/71924","targetHints":{"allow":["GET"]}}],"collection":[{"href":"https:\/\/portalcatolico.net\/portal\/wp-json\/wp\/v2\/posts"}],"about":[{"href":"https:\/\/portalcatolico.net\/portal\/wp-json\/wp\/v2\/types\/post"}],"author":[{"embeddable":true,"href":"https:\/\/portalcatolico.net\/portal\/wp-json\/wp\/v2\/users\/2"}],"replies":[{"embeddable":true,"href":"https:\/\/portalcatolico.net\/portal\/wp-json\/wp\/v2\/comments?post=71924"}],"version-history":[{"count":1,"href":"https:\/\/portalcatolico.net\/portal\/wp-json\/wp\/v2\/posts\/71924\/revisions"}],"predecessor-version":[{"id":71926,"href":"https:\/\/portalcatolico.net\/portal\/wp-json\/wp\/v2\/posts\/71924\/revisions\/71926"}],"wp:featuredmedia":[{"embeddable":true,"href":"https:\/\/portalcatolico.net\/portal\/wp-json\/wp\/v2\/media\/71925"}],"wp:attachment":[{"href":"https:\/\/portalcatolico.net\/portal\/wp-json\/wp\/v2\/media?parent=71924"}],"wp:term":[{"taxonomy":"category","embeddable":true,"href":"https:\/\/portalcatolico.net\/portal\/wp-json\/wp\/v2\/categories?post=71924"},{"taxonomy":"post_tag","embeddable":true,"href":"https:\/\/portalcatolico.net\/portal\/wp-json\/wp\/v2\/tags?post=71924"}],"curies":[{"name":"wp","href":"https:\/\/api.w.org\/{rel}","templated":true}]}}