{"id":71887,"date":"2021-04-09T20:36:57","date_gmt":"2021-04-09T23:36:57","guid":{"rendered":"http:\/\/portalcatolico.net\/portal\/?p=71887"},"modified":"2021-04-09T20:39:57","modified_gmt":"2021-04-09T23:39:57","slug":"stf-autoriza-estados-e-municipios-a-impedir-celebracoes-religiosas-durante-pandemia","status":"publish","type":"post","link":"https:\/\/portalcatolico.net\/portal\/stf-autoriza-estados-e-municipios-a-impedir-celebracoes-religiosas-durante-pandemia\/","title":{"rendered":"STF autoriza estados e munic\u00edpios a impedir celebra\u00e7\u00f5es religiosas durante pandemia"},"content":{"rendered":"<p>A maioria dos ministros do Supremo Tribunal Federal (STF), autorizou que estados e munic\u00edpios mantenham os decretos que restringem celebra\u00e7\u00f5es religiosas, como cultos e missas, durante a pandemia do novo coronav\u00edrus.<\/p>\n<p>Dos 11 magistrados, nove entenderam que a restri\u00e7\u00e3o como medida sanit\u00e1ria n\u00e3o afronta a Constitui\u00e7\u00e3o. O \u00faltimo voto pela medida foi dado pela ministra C\u00e1rmen L\u00facia, que argumentou que \u201caglomera\u00e7\u00e3o \u00e9 uma falta de f\u00e9 na ci\u00eancia, no deus da vida, falta de zelar pelo outro\u201d.<\/p>\n<p>Al\u00e9m dela, votaram a favor Luiz Fux, Marco Aur\u00e9lio Mello, Ricardo Lewandowski, Roberto Barroso, Rosa Weber, Edson Fachin, Alexandre de Moraes e o relator, Gilmar Mendes. Os ministros Dias Toffoli e Nunes Marques, que havia autorizado as celebra\u00e7\u00f5es aos s\u00e1bados, votaram de maneira diversa.<\/p>\n<p>Bahia.Ba<\/p>\n","protected":false},"excerpt":{"rendered":"<p>A maioria dos ministros do Supremo Tribunal Federal (STF), autorizou que estados e munic\u00edpios mantenham os decretos que restringem celebra\u00e7\u00f5es religiosas, como cultos e missas, durante a pandemia do novo coronav\u00edrus. Dos 11 magistrados, nove entenderam que a restri\u00e7\u00e3o como medida sanit\u00e1ria n\u00e3o afronta a Constitui\u00e7\u00e3o. O \u00faltimo voto pela medida foi dado pela ministra&nbsp;<\/p>\n<p><a class=\"btn btn-style\" href=\"https:\/\/portalcatolico.net\/portal\/stf-autoriza-estados-e-municipios-a-impedir-celebracoes-religiosas-durante-pandemia\/\">Continue Reading<\/a><\/p>\n","protected":false},"author":2,"featured_media":71890,"comment_status":"open","ping_status":"open","sticky":false,"template":"","format":"standard","meta":{"footnotes":""},"categories":[4],"tags":[],"class_list":["post-71887","post","type-post","status-publish","format-standard","has-post-thumbnail","hentry","category-destaques"],"_links":{"self":[{"href":"https:\/\/portalcatolico.net\/portal\/wp-json\/wp\/v2\/posts\/71887","targetHints":{"allow":["GET"]}}],"collection":[{"href":"https:\/\/portalcatolico.net\/portal\/wp-json\/wp\/v2\/posts"}],"about":[{"href":"https:\/\/portalcatolico.net\/portal\/wp-json\/wp\/v2\/types\/post"}],"author":[{"embeddable":true,"href":"https:\/\/portalcatolico.net\/portal\/wp-json\/wp\/v2\/users\/2"}],"replies":[{"embeddable":true,"href":"https:\/\/portalcatolico.net\/portal\/wp-json\/wp\/v2\/comments?post=71887"}],"version-history":[{"count":1,"href":"https:\/\/portalcatolico.net\/portal\/wp-json\/wp\/v2\/posts\/71887\/revisions"}],"predecessor-version":[{"id":71889,"href":"https:\/\/portalcatolico.net\/portal\/wp-json\/wp\/v2\/posts\/71887\/revisions\/71889"}],"wp:featuredmedia":[{"embeddable":true,"href":"https:\/\/portalcatolico.net\/portal\/wp-json\/wp\/v2\/media\/71890"}],"wp:attachment":[{"href":"https:\/\/portalcatolico.net\/portal\/wp-json\/wp\/v2\/media?parent=71887"}],"wp:term":[{"taxonomy":"category","embeddable":true,"href":"https:\/\/portalcatolico.net\/portal\/wp-json\/wp\/v2\/categories?post=71887"},{"taxonomy":"post_tag","embeddable":true,"href":"https:\/\/portalcatolico.net\/portal\/wp-json\/wp\/v2\/tags?post=71887"}],"curies":[{"name":"wp","href":"https:\/\/api.w.org\/{rel}","templated":true}]}}