{"id":71883,"date":"2021-04-10T00:26:02","date_gmt":"2021-04-10T03:26:02","guid":{"rendered":"http:\/\/portalcatolico.net\/portal\/?p=71883"},"modified":"2021-04-09T20:27:06","modified_gmt":"2021-04-09T23:27:06","slug":"dom-carlos-fala-sobre-sua-jornada-de-quatro-anos-na-diocese-de-itabuna","status":"publish","type":"post","link":"https:\/\/portalcatolico.net\/portal\/dom-carlos-fala-sobre-sua-jornada-de-quatro-anos-na-diocese-de-itabuna\/","title":{"rendered":"Dom Carlos fala sobre sua jornada de quatro anos na Diocese de Itabuna"},"content":{"rendered":"<p style=\"font-weight: 400;\">Na \u00faltima quarta-feira, 07 de abril de 2021, dom Carlos Alberto dos Santos, bispo da Diocese de Itabuna (Ba), completou&nbsp;&nbsp;4 anos \u00e0 frente desta diocese. Por isso, a Palavra do Pastor de hoje, ele fala sobre a\u00e7\u00f5es que realizou na sua jornada at\u00e9 aqui e conta quais s\u00e3o os seus objetivos. <strong>Confira!&nbsp;<\/strong><\/p>\n<p style=\"font-weight: 400;\">&#8220;Louvo ao Senhor pelos quatro anos que j\u00e1 me encontro na Diocese de Itabuna. E nesses quatro anos, eu pude, pelo menos tentar organizar alguns movimentos pastorais, cada pastoral tem sua coordena\u00e7\u00e3o. Fizemos tamb\u00e9m encontros com a fam\u00edlia, revitalizamos e estamos tentando fazer o melhor. Ainda abrimos espa\u00e7o para a Pastoral da Juventude, do mesmo modo, a Pastoral Vocacional, reabrindo o Semin\u00e1rio Proped\u00eautico, e com esse incentivo da Pastoral Vocacional. Reestruturamos tamb\u00e9m a parte administrativa, colocando cada padre no seu devido local, com o seu sal\u00e1rio pr\u00f3prio (e n\u00e3o como era antes).<\/p>\n<p style=\"font-weight: 400;\">Tamb\u00e9m reunimos todas as Contabilidades, numa \u00fanica Contabilidade, conforme \u00e9 a orienta\u00e7\u00e3o. O nosso objetivo aqui na Diocese \u00e9 fazer com que todos n\u00f3s sejamos uma unidade. N\u00f3s somos fam\u00edlia e ningu\u00e9m \u00e9 melhor do que ningu\u00e9m. O mesmo direito de um padre \u00e9 o mesmo direito de todos. Ent\u00e3o, formando essa comunidade de amor. O nosso objetivo \u00e9 acolher a todos sem distin\u00e7\u00e3o, fazendo com que todos se sintam Igreja, comunh\u00e3o de vida, com todos falando a mesma linguagem! Desejo que todos n\u00f3s cres\u00e7amos mesmo diante dessa pandemia. Precisamos sair um pouco, mesmo com essas restri\u00e7\u00f5es todas, para realmente, n\u00e3o deixarmos que a Palavra de Deus fique \u00e0s escuras. Que a Palavra seja vivida e que Jesus seja mais conhecido. Que Deus aben\u00e7oe a todos!&#8221;&nbsp;<\/p>\n<p style=\"font-weight: 400;\">A posse can\u00f4nica de dom Carlos aconteceu no dia 07 de abril de 2017, ap\u00f3s ele ter sido escolhido pelo Santo Padre, o&nbsp; Papa Francisco,&nbsp; no dia 1\u00b0 de fevereiro de 2017. Anteriormente, Dom Calos pastoreou a Diocese de Teixeira de Freitas\/Caravelas, no extremo sul da Bahia, por um per\u00edodo de 12 anos. Ele \u00e9 o quinto bispo a assumir a Diocese de Itabuna num per\u00edodo de 4 d\u00e9cadas (44 anos).&nbsp;&nbsp;<\/p>\n<p style=\"font-weight: 400;\">Dom Carlos&nbsp; tem a miss\u00e3o de ensinar, santificar e guiar em comunh\u00e3o hier\u00e1rquica com o sucessor de Pedro e com os outros membros do col\u00e9gio episcopal, as 33 par\u00f3quias e mais 140 comunidades, em 19 munic\u00edpios que pertencem \u00e0 Diocese, que tem como padroeiro,&nbsp; S\u00e3o Jos\u00e9.<br \/>\nSergipano, Dom Carlos tem 65 anos de idade e foi ordenado padre em 1983, em Tobias Barreto (SE), sua cidade natal. Em 15 de junho de 2005&nbsp;nomeado bispo e ordenado em 26 de julho do mesmo ano, em Aracaju (SE).<br \/>\nSeu lema episcopal: Per Marinm ad Eucharistian;(&#8220;Por Maria a Eucaristia&#8221;)<br \/>\nEm umas das entrevistas concedidas ao site do Vaticano em 2019, dom Carlos falou: &#8220;Precisamos estar no meio do povo, caminhando com o povo, sentindo o cheiro desse povo&#8221;, disse ele ao falar sobre esse pastoreio de acolhimento e proximidade, \u00e0 luz do exemplo do Papa Francisco.<br \/>\nDom Carlos Alberto dos Santos assumiu o cargo de bispo da Diocese de Itabuna, substituindo a Dom Ceslau Stanula (em mem\u00f3ria).<\/p>\n","protected":false},"excerpt":{"rendered":"<p>Na \u00faltima quarta-feira, 07 de abril de 2021, dom Carlos Alberto dos Santos, bispo da Diocese de Itabuna (Ba), completou&nbsp;&nbsp;4 anos \u00e0 frente desta diocese. Por isso, a Palavra do Pastor de hoje, ele fala sobre a\u00e7\u00f5es que realizou na sua jornada at\u00e9 aqui e conta quais s\u00e3o os seus objetivos. Confira!&nbsp; &#8220;Louvo ao Senhor&nbsp;<\/p>\n<p><a class=\"btn btn-style\" href=\"https:\/\/portalcatolico.net\/portal\/dom-carlos-fala-sobre-sua-jornada-de-quatro-anos-na-diocese-de-itabuna\/\">Continue Reading<\/a><\/p>\n","protected":false},"author":2,"featured_media":71884,"comment_status":"open","ping_status":"open","sticky":false,"template":"","format":"standard","meta":{"footnotes":""},"categories":[69],"tags":[],"class_list":["post-71883","post","type-post","status-publish","format-standard","has-post-thumbnail","hentry","category-artigos"],"_links":{"self":[{"href":"https:\/\/portalcatolico.net\/portal\/wp-json\/wp\/v2\/posts\/71883","targetHints":{"allow":["GET"]}}],"collection":[{"href":"https:\/\/portalcatolico.net\/portal\/wp-json\/wp\/v2\/posts"}],"about":[{"href":"https:\/\/portalcatolico.net\/portal\/wp-json\/wp\/v2\/types\/post"}],"author":[{"embeddable":true,"href":"https:\/\/portalcatolico.net\/portal\/wp-json\/wp\/v2\/users\/2"}],"replies":[{"embeddable":true,"href":"https:\/\/portalcatolico.net\/portal\/wp-json\/wp\/v2\/comments?post=71883"}],"version-history":[{"count":2,"href":"https:\/\/portalcatolico.net\/portal\/wp-json\/wp\/v2\/posts\/71883\/revisions"}],"predecessor-version":[{"id":71886,"href":"https:\/\/portalcatolico.net\/portal\/wp-json\/wp\/v2\/posts\/71883\/revisions\/71886"}],"wp:featuredmedia":[{"embeddable":true,"href":"https:\/\/portalcatolico.net\/portal\/wp-json\/wp\/v2\/media\/71884"}],"wp:attachment":[{"href":"https:\/\/portalcatolico.net\/portal\/wp-json\/wp\/v2\/media?parent=71883"}],"wp:term":[{"taxonomy":"category","embeddable":true,"href":"https:\/\/portalcatolico.net\/portal\/wp-json\/wp\/v2\/categories?post=71883"},{"taxonomy":"post_tag","embeddable":true,"href":"https:\/\/portalcatolico.net\/portal\/wp-json\/wp\/v2\/tags?post=71883"}],"curies":[{"name":"wp","href":"https:\/\/api.w.org\/{rel}","templated":true}]}}