{"id":71880,"date":"2021-04-09T20:20:54","date_gmt":"2021-04-09T23:20:54","guid":{"rendered":"http:\/\/portalcatolico.net\/portal\/?p=71880"},"modified":"2021-04-09T20:20:54","modified_gmt":"2021-04-09T23:20:54","slug":"dom-orlando-da-posse-aos-franciscanos-na-administracao-do-santuario-frei-galvao","status":"publish","type":"post","link":"https:\/\/portalcatolico.net\/portal\/dom-orlando-da-posse-aos-franciscanos-na-administracao-do-santuario-frei-galvao\/","title":{"rendered":"Dom Orlando d\u00e1 posse aos franciscanos na administra\u00e7\u00e3o do Santu\u00e1rio Frei Galv\u00e3o"},"content":{"rendered":"<div class=\"article__subTitle\">Frei Diego Melo assume a reitoria e os freis Roberto Ishara e Leandro Costa Santos ser\u00e3o colaboradores. O conv\u00eanio, que ser\u00e1 assinado na posse, entre a Arquidiocese de Aparecida e a Prov\u00edncia da Imaculada Concei\u00e7\u00e3o ter\u00e1 a dura\u00e7\u00e3o de 30 anos.<\/div>\n<div class=\"article__text \">\n<p>No dia 11 de abril, \u00e0s 18h, ser\u00e1 celebrada a missa de posse dos frades da Prov\u00edncia Franciscana da Imaculada Concei\u00e7\u00e3o do Brasil na administra\u00e7\u00e3o do Santu\u00e1rio Arquidiocesano de Santo Ant\u00f4nio de Sant\u2019Ana Galv\u00e3o, em Guaratinguet\u00e1. O Arcebispo de Aparecida, Dom Orlando Brandes, vai presidir a celebra\u00e7\u00e3o.<\/p>\n<p>Frei Diego Melo assume a reitoria e os freis Roberto Ishara e Leandro Costa Santos ser\u00e3o colaboradores. O conv\u00eanio, que ser\u00e1 assinado na posse, entre a Arquidiocese de Aparecida e a Prov\u00edncia da Imaculada Concei\u00e7\u00e3o ter\u00e1 a dura\u00e7\u00e3o de 30 anos.<\/p>\n<div>\n<div class=\"article__embed article__embed--unwrap article__embed--photo\">\n<figure><picture><source srcset=\"Dom Orlando d\u00e1 posse aos franciscanos na administra\u00e7\u00e3o do Santu\u00e1rio Frei Galv\u00e3o 2x, Dom Orlando d\u00e1 posse aos franciscanos na administra\u00e7\u00e3o do Santu\u00e1rio Frei Galv\u00e3o 1x\" media=\"(min-width: 1024px)\" data-original-set=\"Dom Orlando d\u00e1 posse aos franciscanos na administra\u00e7\u00e3o do Santu\u00e1rio Frei Galv\u00e3o 2x, Dom Orlando d\u00e1 posse aos franciscanos na administra\u00e7\u00e3o do Santu\u00e1rio Frei Galv\u00e3o 1x\"><source srcset=\"Dom Orlando d\u00e1 posse aos franciscanos na administra\u00e7\u00e3o do Santu\u00e1rio Frei Galv\u00e3o 2x, Dom Orlando d\u00e1 posse aos franciscanos na administra\u00e7\u00e3o do Santu\u00e1rio Frei Galv\u00e3o 1x\" media=\"(min-width: 768px)\" data-original-set=\"Dom Orlando d\u00e1 posse aos franciscanos na administra\u00e7\u00e3o do Santu\u00e1rio Frei Galv\u00e3o 2x, Dom Orlando d\u00e1 posse aos franciscanos na administra\u00e7\u00e3o do Santu\u00e1rio Frei Galv\u00e3o 1x\"><source srcset=\"Dom Orlando d\u00e1 posse aos franciscanos na administra\u00e7\u00e3o do Santu\u00e1rio Frei Galv\u00e3o\" data-original-set=\"Dom Orlando d\u00e1 posse aos franciscanos na administra\u00e7\u00e3o do Santu\u00e1rio Frei Galv\u00e3o\"><\/picture><\/figure>\n<div class=\"photo_embed--Title\"><strong>Santu\u00e1rio de Frei Galv\u00e3o<\/strong><\/div>\n<\/div>\n<\/div>\n<p>Os frades franciscanos j\u00e1 estavam h\u00e1 6 meses fazendo o atendimento pastoral no santu\u00e1rio. A missa de posse ser\u00e1 transmitida pela TV Web Frei Galv\u00e3o e pela TV Aparecida.<\/p>\n<p><b>Caminhada<\/b>&nbsp;\u2013 Os freis, que trabalham no Santu\u00e1rio Frei Galv\u00e3o, far\u00e3o uma caminhada, na manh\u00e3 do dia 11 de abril, que passar\u00e1 por locais de import\u00e2ncia religiosa, tur\u00edstica e cultural da cidade de Guaratinguet\u00e1.<\/p>\n<p><b>Confira a programa\u00e7\u00e3o:<\/b><\/p>\n<p>8h15 \u2013 Ben\u00e7\u00e3o de Envio no Semin\u00e1rio Frei Galv\u00e3o, no bairro S\u00e3o Bento<\/p>\n<p>8h30 \u2013 In\u00edcio da Caminhada at\u00e9 a Casa de Frei Galv\u00e3o, no centro<\/p>\n<p>9h15 \u2013 Acolhida na Casa de Frei Galv\u00e3o<\/p>\n<p>9h45 \u2013 Ben\u00e7\u00e3o dos Padres Diocesanos na Igreja Matriz de Santo Ant\u00f4nio<\/p>\n<p>10h15 \u2013 Encontro com os moradores em situa\u00e7\u00e3o de rua no cal\u00e7ad\u00e3o<\/p>\n<p>11h \u2013 Encontro com o Prefeito de Guaratinguet\u00e1 e o Secret\u00e1rio de Turismo para a entrega da chave da cidade (em frente ao F\u00f3rum)<\/p>\n<p>12h &#8211; Chegada ao Santu\u00e1rio Frei Galv\u00e3o e ben\u00e7\u00e3o da nova fraternidade<\/p>\n<p>Com informa\u00e7\u00f5es do Vatican News<\/p>\n<\/div>\n","protected":false},"excerpt":{"rendered":"<p>Frei Diego Melo assume a reitoria e os freis Roberto Ishara e Leandro Costa Santos ser\u00e3o colaboradores. O conv\u00eanio, que ser\u00e1 assinado na posse, entre a Arquidiocese de Aparecida e a Prov\u00edncia da Imaculada Concei\u00e7\u00e3o ter\u00e1 a dura\u00e7\u00e3o de 30 anos. No dia 11 de abril, \u00e0s 18h, ser\u00e1 celebrada a missa de posse dos&nbsp;<\/p>\n<p><a class=\"btn btn-style\" href=\"https:\/\/portalcatolico.net\/portal\/dom-orlando-da-posse-aos-franciscanos-na-administracao-do-santuario-frei-galvao\/\">Continue Reading<\/a><\/p>\n","protected":false},"author":2,"featured_media":71881,"comment_status":"open","ping_status":"open","sticky":false,"template":"","format":"standard","meta":{"footnotes":""},"categories":[5],"tags":[],"class_list":["post-71880","post","type-post","status-publish","format-standard","has-post-thumbnail","hentry","category-igreja_no_mundo"],"_links":{"self":[{"href":"https:\/\/portalcatolico.net\/portal\/wp-json\/wp\/v2\/posts\/71880","targetHints":{"allow":["GET"]}}],"collection":[{"href":"https:\/\/portalcatolico.net\/portal\/wp-json\/wp\/v2\/posts"}],"about":[{"href":"https:\/\/portalcatolico.net\/portal\/wp-json\/wp\/v2\/types\/post"}],"author":[{"embeddable":true,"href":"https:\/\/portalcatolico.net\/portal\/wp-json\/wp\/v2\/users\/2"}],"replies":[{"embeddable":true,"href":"https:\/\/portalcatolico.net\/portal\/wp-json\/wp\/v2\/comments?post=71880"}],"version-history":[{"count":1,"href":"https:\/\/portalcatolico.net\/portal\/wp-json\/wp\/v2\/posts\/71880\/revisions"}],"predecessor-version":[{"id":71882,"href":"https:\/\/portalcatolico.net\/portal\/wp-json\/wp\/v2\/posts\/71880\/revisions\/71882"}],"wp:featuredmedia":[{"embeddable":true,"href":"https:\/\/portalcatolico.net\/portal\/wp-json\/wp\/v2\/media\/71881"}],"wp:attachment":[{"href":"https:\/\/portalcatolico.net\/portal\/wp-json\/wp\/v2\/media?parent=71880"}],"wp:term":[{"taxonomy":"category","embeddable":true,"href":"https:\/\/portalcatolico.net\/portal\/wp-json\/wp\/v2\/categories?post=71880"},{"taxonomy":"post_tag","embeddable":true,"href":"https:\/\/portalcatolico.net\/portal\/wp-json\/wp\/v2\/tags?post=71880"}],"curies":[{"name":"wp","href":"https:\/\/api.w.org\/{rel}","templated":true}]}}