{"id":71877,"date":"2021-04-09T20:17:17","date_gmt":"2021-04-09T23:17:17","guid":{"rendered":"http:\/\/portalcatolico.net\/portal\/?p=71877"},"modified":"2021-04-09T20:17:17","modified_gmt":"2021-04-09T23:17:17","slug":"refugiados-detentos-e-enfermeiros-junto-ao-papa-na-festa-da-misericordia","status":"publish","type":"post","link":"https:\/\/portalcatolico.net\/portal\/refugiados-detentos-e-enfermeiros-junto-ao-papa-na-festa-da-misericordia\/","title":{"rendered":"Refugiados, detentos e enfermeiros junto ao Papa na Festa da Miseric\u00f3rdia"},"content":{"rendered":"<div class=\"article__subTitle\">O Pontif\u00edcio Conselho para a Promo\u00e7\u00e3o da Nova Evangeliza\u00e7\u00e3o anunciou que a missa presidida pelo Pont\u00edfice na Igreja do Esp\u00edrito Santo em Sassia, neste domingo (11), vai contar com a presen\u00e7a de detentos de tr\u00eas penitenci\u00e1rias de Roma, jovens refugiados do Oriente M\u00e9dio e da \u00c1frica, al\u00e9m de um grupo de enfermeiros. A celebra\u00e7\u00e3o ser\u00e1 transmitida ao vivo pelo Vatican News, com coment\u00e1rios em portugu\u00eas.<\/div>\n<div>&nbsp;<\/div>\n<div class=\"title__separator\">\n<p>No pr\u00f3ximo domingo, 11 de abril, pela segunda vez o Papa Francisco vai presidir a liturgia eucar\u00edstica na Igreja do Esp\u00edrito Santo em Sassia, pr\u00f3xima do Vaticano, por ocasi\u00e3o da Festa da Divina Miseric\u00f3rdia. Tanto a missa, celebrada de forma privada, como a recita\u00e7\u00e3o do Regina Caeli, que durante o per\u00edodo pascal substitui a ora\u00e7\u00e3o mariana do Angelus, ser\u00e3o transmitidas ao vivo pelos canais do&nbsp;<a href=\"https:\/\/www.vaticannews.va\/pt.html\" target=\"_blank\" rel=\"noopener\">Vatican News<\/a>, com coment\u00e1rios em portugu\u00eas, a partir das 10h30 na It\u00e1lia, 5h30 no hor\u00e1rio de Bras\u00edlia.<\/p>\n<p><strong>Os Mission\u00e1rios da Miseric\u00f3rdia<\/strong><\/p>\n<p>O Pontif\u00edcio Conselho para a Promo\u00e7\u00e3o da Nova Evangeliza\u00e7\u00e3o divulgou nesta sexta-feira (9) um comunicado informando que a missa ser\u00e1 concelebrada por alguns Mission\u00e1rios da Miseric\u00f3rdia. O grupo vai representar \u201cmais de mil sacerdotes, institu\u00eddos durante o Jubileu da Miseric\u00f3rdia, aos quais o Papa confiou um mandato especial, ligado \u00e0 celebra\u00e7\u00e3o do Sacramento da Reconcilia\u00e7\u00e3o e \u00e0 prega\u00e7\u00e3o do mist\u00e9rio da miseric\u00f3rdia divina\u201d. J\u00e1 as leituras ser\u00e3o feitas por um seminarista, enquanto o servi\u00e7o lit\u00fargico ser\u00e1 realizado por jovens de uma par\u00f3quia na periferia de Roma.<\/p>\n<p><strong>A miseric\u00f3rdia entre os fi\u00e9is presentes<\/strong><\/p>\n<p>Na missa com o Papa, como express\u00e3o dos sinais de miseric\u00f3rdia, tamb\u00e9m estar\u00e3o presentes detentos, enfermeiras, pessoas com defici\u00eancia e migrantes. Entre eles, jovens refugiados provenientes da S\u00edria, Nig\u00e9ria e Egito, incluindo dois eg\u00edpcios pertencentes \u00e0 Igreja Copta e um volunt\u00e1rio da Caritas da Igreja Cat\u00f3lica S\u00edria. O grupo de presos faz parte das penitenci\u00e1rias do Regina Coeli, Rebibbia e Casal del Marmo de Roma. J\u00e1 os representantes dos enfermeiros s\u00e3o das Irm\u00e3s Hospitalares da Miseric\u00f3rdia e do Hospital Esp\u00edrito Santo em Sassia.<\/p>\n<p>Em conformidade com os protocolos sanit\u00e1rios para conter o avan\u00e7o da Covid-19, a presen\u00e7a na celebra\u00e7\u00e3o ser\u00e1 limitada em 80 pessoas. Os volunt\u00e1rios do Pontif\u00edcio Conselho para a Promo\u00e7\u00e3o da Nova Evangeliza\u00e7\u00e3o, o dicast\u00e9rio da Santa S\u00e9 encarregado de organizar a celebra\u00e7\u00e3o, v\u00e3o ganhar apoio dos Volunt\u00e1rios da Associa\u00e7\u00e3o Nacional Carabinieri.<\/p>\n<p><strong>Celebra\u00e7\u00e3o eucar\u00edstica inclusiva<\/strong><\/p>\n<p>Al\u00e9m dos canais do Vatican News, a missa ser\u00e1 transmitida em streaming pelo site&nbsp;<a href=\"https:\/\/www.divinamisericordia.it\/\" target=\"_blank\" rel=\"external nofollow noopener\">www.divinamisericordia.it<\/a>&nbsp;e tamb\u00e9m haver\u00e1 tradu\u00e7\u00e3o na L\u00edngua Internacional dos Sinais para acesso inclusivo \u00e0s pessoas surdas e com dificuldades de audi\u00e7\u00e3o.<\/p>\n<\/div>\n<div class=\"article__text \">\n<p><b>Por Andressa Collet \/Vatican News<\/b><\/p>\n<\/div>\n","protected":false},"excerpt":{"rendered":"<p>O Pontif\u00edcio Conselho para a Promo\u00e7\u00e3o da Nova Evangeliza\u00e7\u00e3o anunciou que a missa presidida pelo Pont\u00edfice na Igreja do Esp\u00edrito Santo em Sassia, neste domingo (11), vai contar com a presen\u00e7a de detentos de tr\u00eas penitenci\u00e1rias de Roma, jovens refugiados do Oriente M\u00e9dio e da \u00c1frica, al\u00e9m de um grupo de enfermeiros. A celebra\u00e7\u00e3o ser\u00e1&nbsp;<\/p>\n<p><a class=\"btn btn-style\" href=\"https:\/\/portalcatolico.net\/portal\/refugiados-detentos-e-enfermeiros-junto-ao-papa-na-festa-da-misericordia\/\">Continue Reading<\/a><\/p>\n","protected":false},"author":2,"featured_media":71878,"comment_status":"open","ping_status":"open","sticky":false,"template":"","format":"standard","meta":{"footnotes":""},"categories":[5],"tags":[],"class_list":["post-71877","post","type-post","status-publish","format-standard","has-post-thumbnail","hentry","category-igreja_no_mundo"],"_links":{"self":[{"href":"https:\/\/portalcatolico.net\/portal\/wp-json\/wp\/v2\/posts\/71877","targetHints":{"allow":["GET"]}}],"collection":[{"href":"https:\/\/portalcatolico.net\/portal\/wp-json\/wp\/v2\/posts"}],"about":[{"href":"https:\/\/portalcatolico.net\/portal\/wp-json\/wp\/v2\/types\/post"}],"author":[{"embeddable":true,"href":"https:\/\/portalcatolico.net\/portal\/wp-json\/wp\/v2\/users\/2"}],"replies":[{"embeddable":true,"href":"https:\/\/portalcatolico.net\/portal\/wp-json\/wp\/v2\/comments?post=71877"}],"version-history":[{"count":1,"href":"https:\/\/portalcatolico.net\/portal\/wp-json\/wp\/v2\/posts\/71877\/revisions"}],"predecessor-version":[{"id":71879,"href":"https:\/\/portalcatolico.net\/portal\/wp-json\/wp\/v2\/posts\/71877\/revisions\/71879"}],"wp:featuredmedia":[{"embeddable":true,"href":"https:\/\/portalcatolico.net\/portal\/wp-json\/wp\/v2\/media\/71878"}],"wp:attachment":[{"href":"https:\/\/portalcatolico.net\/portal\/wp-json\/wp\/v2\/media?parent=71877"}],"wp:term":[{"taxonomy":"category","embeddable":true,"href":"https:\/\/portalcatolico.net\/portal\/wp-json\/wp\/v2\/categories?post=71877"},{"taxonomy":"post_tag","embeddable":true,"href":"https:\/\/portalcatolico.net\/portal\/wp-json\/wp\/v2\/tags?post=71877"}],"curies":[{"name":"wp","href":"https:\/\/api.w.org\/{rel}","templated":true}]}}