{"id":71874,"date":"2021-04-08T19:23:03","date_gmt":"2021-04-08T22:23:03","guid":{"rendered":"http:\/\/portalcatolico.net\/portal\/?p=71874"},"modified":"2021-04-08T19:23:03","modified_gmt":"2021-04-08T22:23:03","slug":"os-dias-finais-de-sao-joao-paulo-ii-uma-lembranca-sobre-quem-morre-na-pandemia","status":"publish","type":"post","link":"https:\/\/portalcatolico.net\/portal\/os-dias-finais-de-sao-joao-paulo-ii-uma-lembranca-sobre-quem-morre-na-pandemia\/","title":{"rendered":"Os dias finais de S\u00e3o Jo\u00e3o Paulo II: uma lembran\u00e7a sobre quem morre na pandemia"},"content":{"rendered":"<h2 class=\"subtitle\">&#8220;A li\u00e7\u00e3o de Jo\u00e3o Paulo II ao partir para a casa do Pai pode ser uma fonte de consolo para quem est\u00e1 desesperado por causa da morte&#8221;<\/h2>\n<p>Os dias finais de S\u00e3o Jo\u00e3o Paulo II podem servir de base para uma profunda reflex\u00e3o sobre o sofrimento das pessoas que morrem nesta pandemia de covid-19. E essa reflex\u00e3o, por mais dolorosa que seja, pode transformar-se em \u201cfonte de consolo\u201d para quem enfrenta o drama de ver morrerem familiares e outras pessoas amadas, contagiadas pelo coronav\u00edrus e atingidas em cheio pelas consequ\u00eancias da doen\u00e7a que ele provoca.<\/p>\n<p><strong>Mas que reflex\u00f5es e consola\u00e7\u00f5es seriam essas?<\/strong><\/p>\n<p>O cardeal polon\u00eas dom Stanislaw Dziwisz, que foi secret\u00e1rio pessoal do Papa S\u00e3o Jo\u00e3o Paulo II durante mais de 40 anos, conversou com a Ag\u00eancia de Imprensa Polonesa (PAP) no \u00faltimo dia 2 de abril, data que marcou os 16 anos do falecimento do pont\u00edfice.<\/p>\n<p><strong>Dziwisz, de 81 anos, afirmou:<\/strong><\/p>\n<blockquote><p>\u201cA li\u00e7\u00e3o que Jo\u00e3o Paulo II deu ao mundo quando partiu para a casa do Pai pode ser uma fonte de consolo para quem est\u00e1 desesperado por causa da morte de entes queridos e para quem teme pela sua sa\u00fade e seguran\u00e7a. [A morte de Jo\u00e3o Paulo II] foi um momento humanamente triste e doloroso, mas, ao mesmo tempo, cheio de algo de luz\u201d.<\/p><\/blockquote>\n<p>Ele recordou que as pessoas que estavam presentes quando o Papa deu o \u00faltimo suspiro n\u00e3o dedicaram a sua primeira ora\u00e7\u00e3o a pedir pelo seu eterno descanso, como ocorre normalmente, mas sim a agradecer a Deus pela vida de Jo\u00e3o Paulo II. Eles entoaram o \u201cTe Deum\u201c, que \u00e9 o mais emblem\u00e1tico hino de a\u00e7\u00e3o de gra\u00e7as do amplo tesouro do canto gregoriano.<\/p>\n<h3>Os dias finais de S\u00e3o Jo\u00e3o Paulo II<\/h3>\n<p>O cardeal destacou tamb\u00e9m a atitude do Papa diante do sofrimento f\u00edsico e da perda not\u00e1vel das for\u00e7as ao longo dos dias que antecederam a sua morte. Jo\u00e3o Paulo II aceitou a doen\u00e7a e a morte iminente \u201ccom humildade e at\u00e9 com serenidade\u201d, declarou Dziwisz.<\/p>\n<blockquote><p>\u201cA humildade dele tamb\u00e9m se manifestou no fato de n\u00e3o evitar as c\u00e2meras nem os encontros com as pessoas, mesmo sabendo que todos podiam ver a sua fraqueza e o seu desamparo f\u00edsico. Ele foi corajoso em mostrar seu sofrimento ao mundo. Acho que isso ajudou muitos doentes e moribundos, tanto com doen\u00e7as f\u00edsicas quanto espirituais\u201d.<\/p><\/blockquote>\n<p>Dom Stanislaw Dziwisz enfatizou a import\u00e2ncia da Via Sacra na vida espiritual de S\u00e3o Jo\u00e3o Paulo II:<\/p>\n<div id=\"article-desk-content-p6-ad_2021_04_07_os-dias-finais-de-sao-joao-paulo-ii-uma-lembranca-sobre-quem-morre-na-pandemia\" class=\"css-y9mcup\" data-google-query-id=\"CNjYovjW7-8CFSQmuQYdU9MKHw\">\n<div id=\"google_ads_iframe_64500793\/PT_DESK_ARTICLE_WELCOME_1X1_0__container__\">\u201cEu fui testemunha di\u00e1ria desse caminho da cruz, do seu servi\u00e7o, da sua coragem, da sua total dedica\u00e7\u00e3o a Jesus e \u00e0 Sua M\u00e3e\u201d.<\/div>\n<\/div>\n<h3>Uma lembran\u00e7a sobre quem morre na pandemia<\/h3>\n<p>Tra\u00e7ando um paralelo com os enfermos da pandemia, o cardeal falou da necessidade crist\u00e3 de admitirmos a brevidade da vida e a urg\u00eancia de nos prepararmos bem para o encontro com Deus, reconciliando-nos com os nossos irm\u00e3os:<\/p>\n<blockquote><p>\u201cPara um encontro com o Senhor misericordioso, \u00e9 preciso estarmos preparados a qualquer momento. Isso tamb\u00e9m ficou claro para n\u00f3s com a pandemia, porque muitos n\u00e3o s\u00f3 n\u00e3o puderam se despedir dos seus entes queridos como ainda partiram com o peso morto da dor de n\u00e3o conseguir perdoar\u201d.(Aleteia)<\/p><\/blockquote>\n","protected":false},"excerpt":{"rendered":"<p>&#8220;A li\u00e7\u00e3o de Jo\u00e3o Paulo II ao partir para a casa do Pai pode ser uma fonte de consolo para quem est\u00e1 desesperado por causa da morte&#8221; Os dias finais de S\u00e3o Jo\u00e3o Paulo II podem servir de base para uma profunda reflex\u00e3o sobre o sofrimento das pessoas que morrem nesta pandemia de covid-19. E&nbsp;<\/p>\n<p><a class=\"btn btn-style\" href=\"https:\/\/portalcatolico.net\/portal\/os-dias-finais-de-sao-joao-paulo-ii-uma-lembranca-sobre-quem-morre-na-pandemia\/\">Continue Reading<\/a><\/p>\n","protected":false},"author":2,"featured_media":71875,"comment_status":"open","ping_status":"open","sticky":false,"template":"","format":"standard","meta":{"footnotes":""},"categories":[5],"tags":[],"class_list":["post-71874","post","type-post","status-publish","format-standard","has-post-thumbnail","hentry","category-igreja_no_mundo"],"_links":{"self":[{"href":"https:\/\/portalcatolico.net\/portal\/wp-json\/wp\/v2\/posts\/71874","targetHints":{"allow":["GET"]}}],"collection":[{"href":"https:\/\/portalcatolico.net\/portal\/wp-json\/wp\/v2\/posts"}],"about":[{"href":"https:\/\/portalcatolico.net\/portal\/wp-json\/wp\/v2\/types\/post"}],"author":[{"embeddable":true,"href":"https:\/\/portalcatolico.net\/portal\/wp-json\/wp\/v2\/users\/2"}],"replies":[{"embeddable":true,"href":"https:\/\/portalcatolico.net\/portal\/wp-json\/wp\/v2\/comments?post=71874"}],"version-history":[{"count":1,"href":"https:\/\/portalcatolico.net\/portal\/wp-json\/wp\/v2\/posts\/71874\/revisions"}],"predecessor-version":[{"id":71876,"href":"https:\/\/portalcatolico.net\/portal\/wp-json\/wp\/v2\/posts\/71874\/revisions\/71876"}],"wp:featuredmedia":[{"embeddable":true,"href":"https:\/\/portalcatolico.net\/portal\/wp-json\/wp\/v2\/media\/71875"}],"wp:attachment":[{"href":"https:\/\/portalcatolico.net\/portal\/wp-json\/wp\/v2\/media?parent=71874"}],"wp:term":[{"taxonomy":"category","embeddable":true,"href":"https:\/\/portalcatolico.net\/portal\/wp-json\/wp\/v2\/categories?post=71874"},{"taxonomy":"post_tag","embeddable":true,"href":"https:\/\/portalcatolico.net\/portal\/wp-json\/wp\/v2\/tags?post=71874"}],"curies":[{"name":"wp","href":"https:\/\/api.w.org\/{rel}","templated":true}]}}