{"id":71871,"date":"2021-04-08T19:16:03","date_gmt":"2021-04-08T22:16:03","guid":{"rendered":"http:\/\/portalcatolico.net\/portal\/?p=71871"},"modified":"2021-04-08T19:16:03","modified_gmt":"2021-04-08T22:16:03","slug":"o-jovem-bergoglio-adorador-noturno","status":"publish","type":"post","link":"https:\/\/portalcatolico.net\/portal\/o-jovem-bergoglio-adorador-noturno\/","title":{"rendered":"O jovem Bergoglio &#8220;adorador noturno\u201d"},"content":{"rendered":"<div class=\"article__subTitle\">Em uma carta em espanhol, enviada ao seman\u00e1rio cat\u00f3lico &#8220;Alfa y Omega&#8221;, o Papa recorda a experi\u00eancia das noites passadas em ora\u00e7\u00e3o partilhada com seu irm\u00e3o nos anos 50, na Bas\u00edlica do Sant\u00edssimo Sacramento, em Buenos Aires<\/div>\n<div>&nbsp;<\/div>\n<div class=\"title__separator\">&#8220;Fiquei emocionado&#8221;: assim escreveu o Papa Francisco em uma carta \u00e0 revista &#8220;Alfa y Omega&#8221;, ap\u00f3s receber uma fotoc\u00f3pia de um registro mantido no arquivo da Bas\u00edlica do Sant\u00edssimo Sacramento em Buenos Aires, no qual foram anotados os nomes dos &#8220;adoradores noturnos&#8221;, ou seja, pessoas que \u00e0 noite, a partir das 21 horas, revezaram-se para rezar diante da Eucaristia, uma pr\u00e1tica em uso na Bas\u00edlica desde 1917. Entre os nomes que se destacam est\u00e3o os de Jorge Mario Bergoglio e seu irm\u00e3o Oscar, que entre 1954 e 1955 compartilharam esta experi\u00eancia marcada por uma figura fundamental, a do padre Jos\u00e9 Aristi, religioso sacramentino, provincial de sua Congrega\u00e7\u00e3o, que passou in\u00fameras horas de sua vida no confession\u00e1rio. Uma figura de miseric\u00f3rdia, amada e central na vida do homem que viria a ser Papa.<\/div>\n<div class=\"article__text \">\n<p><b>S\u00e1bados de ora\u00e7\u00e3o<\/b><\/p>\n<p>&#8220;Venite adoremus&#8221; \u00e9 a frase que Francisco recorda com &#8220;emo\u00e7\u00e3o&#8221;. Os v\u00e1rios adoradores a usavam para acordar a pessoa que tinha seu turno depois deles. De sua casa em Flores, nos arredores de Buenos Aires, o jovem Jorge &#8211; lembra a revista &#8211; ia de \u00f4nibus at\u00e9 o centro da cidade para chegar \u00e0 Bas\u00edlica do Sant\u00edssimo Sacramento, e foram muitas as noites de s\u00e1bado passadas em ora\u00e7\u00e3o. A adora\u00e7\u00e3o come\u00e7ava por volta das nove da noite, depois do serm\u00e3o do Padre Aristi&#8221;, explica o Papa na carta. Nele, a chama da voca\u00e7\u00e3o j\u00e1 estava acesa, mas, escreveu, a sua vida era &#8220;uma vida crist\u00e3 normal&#8221;. Depois veio a experi\u00eancia daquelas noites de adora\u00e7\u00e3o que o marcaram profundamente.<\/p>\n<p><b>Esta cruz n\u00e3o pode acabar no subsolo<\/b><\/p>\n<p>Quando Padre Aristi faleceu, na Vig\u00edlia Pascal de 1996, Dom Bergoglio, ent\u00e3o bispo auxiliar, desceu \u00e0 cripta da Bas\u00edlica, no subsolo onde estavam velando o corpo. &#8220;Enquanto colocava algumas flores&#8221;, escreve, &#8220;num gesto de impulso, peguei a cruz do ros\u00e1rio e arranquei com um pouco de for\u00e7a&#8221;. Naquele momento olhei para o sacerdote confessor disse: &#8216;Dai-me metade da tua miseric\u00f3rdia&#8217;. Senti algo forte que me deu coragem para faz\u00ea-lo&#8221;, continuou, &#8220;e logo coloquei a cruz aqui, no meu pequeno bolso&#8221;. A \u00fanica testemunha desse gesto, observa a revista, \u00e9 o sacerdote sacramentino Andr\u00e9s Taborda. &#8220;Lembro-me que ele disse: &#8216;Ele era meu confessor&#8217;. Com este ros\u00e1rio na m\u00e3o, ele absolveu muitos, muitos pecadores; n\u00e3o \u00e9 poss\u00edvel para ele lev\u00e1-lo para o subsolo&#8221;. \u201cAs camisas do Papa&#8221;, escreve Francisco, \u201cn\u00e3o t\u00eam bolsos, mas eu o carrego sempre em uma pequena bolsa de pano, e desde ent\u00e3o at\u00e9 agora, a minha m\u00e3o vai sempre aqui. Sinto a gra\u00e7a! O exemplo de um padre misericordioso, de um padre que se aproxima das feridas e faz muito bem&#8230;&#8221;.<\/p>\n<p><b>Por lessandro De Carolis e Benedetta Capelli \/Vatican News<\/b><\/p>\n<\/div>\n","protected":false},"excerpt":{"rendered":"<p>Em uma carta em espanhol, enviada ao seman\u00e1rio cat\u00f3lico &#8220;Alfa y Omega&#8221;, o Papa recorda a experi\u00eancia das noites passadas em ora\u00e7\u00e3o partilhada com seu irm\u00e3o nos anos 50, na Bas\u00edlica do Sant\u00edssimo Sacramento, em Buenos Aires &nbsp; &#8220;Fiquei emocionado&#8221;: assim escreveu o Papa Francisco em uma carta \u00e0 revista &#8220;Alfa y Omega&#8221;, ap\u00f3s receber&nbsp;<\/p>\n<p><a class=\"btn btn-style\" href=\"https:\/\/portalcatolico.net\/portal\/o-jovem-bergoglio-adorador-noturno\/\">Continue Reading<\/a><\/p>\n","protected":false},"author":2,"featured_media":71872,"comment_status":"open","ping_status":"open","sticky":false,"template":"","format":"standard","meta":{"footnotes":""},"categories":[5],"tags":[],"class_list":["post-71871","post","type-post","status-publish","format-standard","has-post-thumbnail","hentry","category-igreja_no_mundo"],"_links":{"self":[{"href":"https:\/\/portalcatolico.net\/portal\/wp-json\/wp\/v2\/posts\/71871","targetHints":{"allow":["GET"]}}],"collection":[{"href":"https:\/\/portalcatolico.net\/portal\/wp-json\/wp\/v2\/posts"}],"about":[{"href":"https:\/\/portalcatolico.net\/portal\/wp-json\/wp\/v2\/types\/post"}],"author":[{"embeddable":true,"href":"https:\/\/portalcatolico.net\/portal\/wp-json\/wp\/v2\/users\/2"}],"replies":[{"embeddable":true,"href":"https:\/\/portalcatolico.net\/portal\/wp-json\/wp\/v2\/comments?post=71871"}],"version-history":[{"count":1,"href":"https:\/\/portalcatolico.net\/portal\/wp-json\/wp\/v2\/posts\/71871\/revisions"}],"predecessor-version":[{"id":71873,"href":"https:\/\/portalcatolico.net\/portal\/wp-json\/wp\/v2\/posts\/71871\/revisions\/71873"}],"wp:featuredmedia":[{"embeddable":true,"href":"https:\/\/portalcatolico.net\/portal\/wp-json\/wp\/v2\/media\/71872"}],"wp:attachment":[{"href":"https:\/\/portalcatolico.net\/portal\/wp-json\/wp\/v2\/media?parent=71871"}],"wp:term":[{"taxonomy":"category","embeddable":true,"href":"https:\/\/portalcatolico.net\/portal\/wp-json\/wp\/v2\/categories?post=71871"},{"taxonomy":"post_tag","embeddable":true,"href":"https:\/\/portalcatolico.net\/portal\/wp-json\/wp\/v2\/tags?post=71871"}],"curies":[{"name":"wp","href":"https:\/\/api.w.org\/{rel}","templated":true}]}}