{"id":71868,"date":"2021-04-08T19:10:35","date_gmt":"2021-04-08T22:10:35","guid":{"rendered":"http:\/\/portalcatolico.net\/portal\/?p=71868"},"modified":"2021-04-08T19:10:35","modified_gmt":"2021-04-08T22:10:35","slug":"ascom-cnbb-prepara-serie-de-perguntas-e-respostas-sobre-as-assembleias-gerais-da-cnbb","status":"publish","type":"post","link":"https:\/\/portalcatolico.net\/portal\/ascom-cnbb-prepara-serie-de-perguntas-e-respostas-sobre-as-assembleias-gerais-da-cnbb\/","title":{"rendered":"ASCOM CNBB PREPARA S\u00c9RIE DE \u201cPERGUNTAS E RESPOSTAS\u201d SOBRE AS ASSEMBLEIAS GERAIS DA CNBB"},"content":{"rendered":"<p>A Assessoria de Comunica\u00e7\u00e3o (ASCOM) da Confer\u00eancia Nacional dos Bispos do Brasil (CNBB) preparou uma s\u00e9rie de \u201cPerguntas e Respostas\u201d com o objetivo de subsidiar o trabalho dos jornalistas e ve\u00edculos de comunica\u00e7\u00e3o que se credenciaram para fazer a cobertura jornal\u00edstica da 58\u00aa Assembleia Geral da Confer\u00eancia Nacional dos Bispos do Brasil (AG CNBB) que acontece na pr\u00f3xima semana, em formato on-line, de 12 a 16 de abril.<\/p>\n<p>Ao todo 138 profissionais de imprensa&nbsp; (r\u00e1dio, TV, internet, redes sociais e assessorias de dioceses) se credenciaram para fazer a cobertura jornal\u00edstica da 58\u00aa AG CNBB. Destes, 59 j\u00e1 cobriram presencialmente, 11 j\u00e1 cobriram virtualmente e 68 cobrir\u00e3o pela primeira vez o evento organizado pela CNBB.<\/p>\n<p>Na s\u00e9rie, a Ascom CNBB buscou responder a um conjunto de perguntas espec\u00edficas sobre \u201cComo ser\u00e1 a realiza\u00e7\u00e3o da Assembleia Geral deste ano? O que \u00e9 a Assembleia Geral da CNBB? Quem participa? Qual o tema central e outros temas a serem debatidos pelos bispos? Como ser\u00e1 feita a cobertura jornal\u00edstica?\u201d. O material apresenta tamb\u00e9m o hist\u00f3rico das Assembleias Gerais do episcopado.<\/p>\n<p>Acesse o documento com \u201cPerguntas e Respostas sobre a 58\u00aa AGCNBB\u201d&nbsp;<a href=\"https:\/\/www.cnbb.org.br\/wp-content\/uploads\/2021\/04\/Perguntas-e-repostas-58a-AGCNBB.pdf\">aqui.<\/a><\/p>\n<p>Fonte:CNBB<\/p>\n","protected":false},"excerpt":{"rendered":"<p>A Assessoria de Comunica\u00e7\u00e3o (ASCOM) da Confer\u00eancia Nacional dos Bispos do Brasil (CNBB) preparou uma s\u00e9rie de \u201cPerguntas e Respostas\u201d com o objetivo de subsidiar o trabalho dos jornalistas e ve\u00edculos de comunica\u00e7\u00e3o que se credenciaram para fazer a cobertura jornal\u00edstica da 58\u00aa Assembleia Geral da Confer\u00eancia Nacional dos Bispos do Brasil (AG CNBB) que&nbsp;<\/p>\n<p><a class=\"btn btn-style\" href=\"https:\/\/portalcatolico.net\/portal\/ascom-cnbb-prepara-serie-de-perguntas-e-respostas-sobre-as-assembleias-gerais-da-cnbb\/\">Continue Reading<\/a><\/p>\n","protected":false},"author":2,"featured_media":71869,"comment_status":"open","ping_status":"open","sticky":false,"template":"","format":"standard","meta":{"footnotes":""},"categories":[4],"tags":[],"class_list":["post-71868","post","type-post","status-publish","format-standard","has-post-thumbnail","hentry","category-destaques"],"_links":{"self":[{"href":"https:\/\/portalcatolico.net\/portal\/wp-json\/wp\/v2\/posts\/71868","targetHints":{"allow":["GET"]}}],"collection":[{"href":"https:\/\/portalcatolico.net\/portal\/wp-json\/wp\/v2\/posts"}],"about":[{"href":"https:\/\/portalcatolico.net\/portal\/wp-json\/wp\/v2\/types\/post"}],"author":[{"embeddable":true,"href":"https:\/\/portalcatolico.net\/portal\/wp-json\/wp\/v2\/users\/2"}],"replies":[{"embeddable":true,"href":"https:\/\/portalcatolico.net\/portal\/wp-json\/wp\/v2\/comments?post=71868"}],"version-history":[{"count":1,"href":"https:\/\/portalcatolico.net\/portal\/wp-json\/wp\/v2\/posts\/71868\/revisions"}],"predecessor-version":[{"id":71870,"href":"https:\/\/portalcatolico.net\/portal\/wp-json\/wp\/v2\/posts\/71868\/revisions\/71870"}],"wp:featuredmedia":[{"embeddable":true,"href":"https:\/\/portalcatolico.net\/portal\/wp-json\/wp\/v2\/media\/71869"}],"wp:attachment":[{"href":"https:\/\/portalcatolico.net\/portal\/wp-json\/wp\/v2\/media?parent=71868"}],"wp:term":[{"taxonomy":"category","embeddable":true,"href":"https:\/\/portalcatolico.net\/portal\/wp-json\/wp\/v2\/categories?post=71868"},{"taxonomy":"post_tag","embeddable":true,"href":"https:\/\/portalcatolico.net\/portal\/wp-json\/wp\/v2\/tags?post=71868"}],"curies":[{"name":"wp","href":"https:\/\/api.w.org\/{rel}","templated":true}]}}