{"id":71862,"date":"2021-04-07T20:27:24","date_gmt":"2021-04-07T23:27:24","guid":{"rendered":"http:\/\/portalcatolico.net\/portal\/?p=71862"},"modified":"2021-04-07T20:32:04","modified_gmt":"2021-04-07T23:32:04","slug":"teixeira-de-freitas-estado-de-saude-de-dom-jailton-de-oliveira-lino","status":"publish","type":"post","link":"https:\/\/portalcatolico.net\/portal\/teixeira-de-freitas-estado-de-saude-de-dom-jailton-de-oliveira-lino\/","title":{"rendered":"Teixeira de Freitas: Estado de sa\u00fade de Dom Jailton de Oliveira Lino"},"content":{"rendered":"<p class=\"post-title entry-title\"><strong>NOTA OFICIAL: Estado de sa\u00fade de Dom Jailton de Oliveira Lino<\/strong><\/p>\n<p>Queridos(as) irm\u00e3os(as) diocesanos,<\/p>\n<p>Conforme orienta\u00e7\u00f5es m\u00e9dicas, o Dom Jailton de Oliveira Lino, psdp, 56 anos, foi internado no hospital Sobrasa em Teixeira de Freitas-BA para melhor ser acompanhado durante o tratamento contra a Covid-19. Seu estado segue est\u00e1vel e necessita de repouso.<\/p>\n<p>Outras informa\u00e7\u00f5es a respeito do estado cl\u00ednico do Dom Jailton ser\u00e3o repassadas posteriormente, logo ap\u00f3s o comunicado do hospital.<\/p>\n<p>Continuemos elevando a Deus e a Virgem Sant\u00edssima nossas ora\u00e7\u00f5es em favor dele, dos demais doentes e todos enfermos!<\/p>\n<p>Novas informa\u00e7\u00f5es ser\u00e3o oportunamente divulgadas em nosso site.<\/p>\n<p>Teixeira de Freitas, 06 de abril de 2021<\/p>\n<p>Pe. Paulo Santos Sales<br \/>\n<b>Vig\u00e1rio Geral\/Diocese de Teixeira&nbsp;de Freiras\/Caravelas(BA)<\/b><\/p>\n<h3><span class=\"cb-justified-justify\"><b>Confira a nota na \u00edntegra:&nbsp;<\/b><\/span><a href=\"https:\/\/dioceseteixeiradefreitas.com.br\/wp-content\/uploads\/2021\/04\/NOTA-SOBRE-O-ESTADO-DE-SA%C3%9ADE-DE-DOM-JAILTON.pdf\" target=\"_blank\" rel=\"noopener noreferrer\"><strong>Cliqu<\/strong><strong>e Aqui<\/strong><\/a><\/h3>\n<p>Foto: Divulga\u00e7\u00e3o\/Internet<\/p>\n","protected":false},"excerpt":{"rendered":"<p>NOTA OFICIAL: Estado de sa\u00fade de Dom Jailton de Oliveira Lino Queridos(as) irm\u00e3os(as) diocesanos, Conforme orienta\u00e7\u00f5es m\u00e9dicas, o Dom Jailton de Oliveira Lino, psdp, 56 anos, foi internado no hospital Sobrasa em Teixeira de Freitas-BA para melhor ser acompanhado durante o tratamento contra a Covid-19. Seu estado segue est\u00e1vel e necessita de repouso. Outras informa\u00e7\u00f5es&nbsp;<\/p>\n<p><a class=\"btn btn-style\" href=\"https:\/\/portalcatolico.net\/portal\/teixeira-de-freitas-estado-de-saude-de-dom-jailton-de-oliveira-lino\/\">Continue Reading<\/a><\/p>\n","protected":false},"author":2,"featured_media":71865,"comment_status":"open","ping_status":"open","sticky":false,"template":"","format":"standard","meta":{"footnotes":""},"categories":[4],"tags":[],"class_list":["post-71862","post","type-post","status-publish","format-standard","has-post-thumbnail","hentry","category-destaques"],"_links":{"self":[{"href":"https:\/\/portalcatolico.net\/portal\/wp-json\/wp\/v2\/posts\/71862","targetHints":{"allow":["GET"]}}],"collection":[{"href":"https:\/\/portalcatolico.net\/portal\/wp-json\/wp\/v2\/posts"}],"about":[{"href":"https:\/\/portalcatolico.net\/portal\/wp-json\/wp\/v2\/types\/post"}],"author":[{"embeddable":true,"href":"https:\/\/portalcatolico.net\/portal\/wp-json\/wp\/v2\/users\/2"}],"replies":[{"embeddable":true,"href":"https:\/\/portalcatolico.net\/portal\/wp-json\/wp\/v2\/comments?post=71862"}],"version-history":[{"count":3,"href":"https:\/\/portalcatolico.net\/portal\/wp-json\/wp\/v2\/posts\/71862\/revisions"}],"predecessor-version":[{"id":71867,"href":"https:\/\/portalcatolico.net\/portal\/wp-json\/wp\/v2\/posts\/71862\/revisions\/71867"}],"wp:featuredmedia":[{"embeddable":true,"href":"https:\/\/portalcatolico.net\/portal\/wp-json\/wp\/v2\/media\/71865"}],"wp:attachment":[{"href":"https:\/\/portalcatolico.net\/portal\/wp-json\/wp\/v2\/media?parent=71862"}],"wp:term":[{"taxonomy":"category","embeddable":true,"href":"https:\/\/portalcatolico.net\/portal\/wp-json\/wp\/v2\/categories?post=71862"},{"taxonomy":"post_tag","embeddable":true,"href":"https:\/\/portalcatolico.net\/portal\/wp-json\/wp\/v2\/tags?post=71862"}],"curies":[{"name":"wp","href":"https:\/\/api.w.org\/{rel}","templated":true}]}}