{"id":71859,"date":"2021-04-08T00:59:43","date_gmt":"2021-04-08T03:59:43","guid":{"rendered":"http:\/\/portalcatolico.net\/portal\/?p=71859"},"modified":"2021-04-07T20:00:03","modified_gmt":"2021-04-07T23:00:03","slug":"saudades-a-martelo","status":"publish","type":"post","link":"https:\/\/portalcatolico.net\/portal\/saudades-a-martelo\/","title":{"rendered":"Saudades \u00e0 martelo!"},"content":{"rendered":"<p>Neste instante eu fazia de tudo por um abra\u00e7o! Ora pois! Seria querer muito? Um aperto de m\u00e3o, dada minha condi\u00e7\u00e3o saudosa, significaria um todo mesclado de nada. Uma martelada na saudade, todavia.<\/p>\n<p>Destarte, um olhar long\u00ednquo j\u00e1 contentaria este disparate. Quebraria vidros com um martelo se n\u00e3o tivesse com as for\u00e7as ru\u00eddas pela tristeza.<\/p>\n<p>Ludibriado por tamanha dist\u00e2ncia, me encontro \u00e0s tra\u00e7as! Estou como as mariposas, de asas abertas e de h\u00e1bito noturno. Ali\u00e1s, veja bem! Quero mesmo pousar seja nos bra\u00e7os de um abra\u00e7o ou, como quero, no cora\u00e7\u00e3o de quem vive aos extremos do seu casulo! Ser\u00e1 que esta larva achatada quer galgar sobre as paredes do cora\u00e7\u00e3o de algu\u00e9m? Este algu\u00e9m, porventura existe?<\/p>\n<p>A despeito da ingratid\u00e3o se pode objetar: Oh larva intrigante, como saber o que desejas, pois vive a dor da saudade em marteladas sinf\u00f4nicas? Larva incompreendida, sofrida e arredia. Queria eu, na verdade, saber da dor da saudade e nas marteladas sentidas, o que, de fato, queria a larva do dia que se perdera no seu querer.<\/p>\n<p>Por Padre Joacir d\u2019Abadia, Fil\u00f3sofo autor de 15 livros<\/p>\n","protected":false},"excerpt":{"rendered":"<p>Neste instante eu fazia de tudo por um abra\u00e7o! Ora pois! Seria querer muito? Um aperto de m\u00e3o, dada minha condi\u00e7\u00e3o saudosa, significaria um todo mesclado de nada. Uma martelada na saudade, todavia. Destarte, um olhar long\u00ednquo j\u00e1 contentaria este disparate. Quebraria vidros com um martelo se n\u00e3o tivesse com as for\u00e7as ru\u00eddas pela tristeza.&nbsp;<\/p>\n<p><a class=\"btn btn-style\" href=\"https:\/\/portalcatolico.net\/portal\/saudades-a-martelo\/\">Continue Reading<\/a><\/p>\n","protected":false},"author":2,"featured_media":71860,"comment_status":"open","ping_status":"open","sticky":false,"template":"","format":"standard","meta":{"footnotes":""},"categories":[69],"tags":[],"class_list":["post-71859","post","type-post","status-publish","format-standard","has-post-thumbnail","hentry","category-artigos"],"_links":{"self":[{"href":"https:\/\/portalcatolico.net\/portal\/wp-json\/wp\/v2\/posts\/71859","targetHints":{"allow":["GET"]}}],"collection":[{"href":"https:\/\/portalcatolico.net\/portal\/wp-json\/wp\/v2\/posts"}],"about":[{"href":"https:\/\/portalcatolico.net\/portal\/wp-json\/wp\/v2\/types\/post"}],"author":[{"embeddable":true,"href":"https:\/\/portalcatolico.net\/portal\/wp-json\/wp\/v2\/users\/2"}],"replies":[{"embeddable":true,"href":"https:\/\/portalcatolico.net\/portal\/wp-json\/wp\/v2\/comments?post=71859"}],"version-history":[{"count":1,"href":"https:\/\/portalcatolico.net\/portal\/wp-json\/wp\/v2\/posts\/71859\/revisions"}],"predecessor-version":[{"id":71861,"href":"https:\/\/portalcatolico.net\/portal\/wp-json\/wp\/v2\/posts\/71859\/revisions\/71861"}],"wp:featuredmedia":[{"embeddable":true,"href":"https:\/\/portalcatolico.net\/portal\/wp-json\/wp\/v2\/media\/71860"}],"wp:attachment":[{"href":"https:\/\/portalcatolico.net\/portal\/wp-json\/wp\/v2\/media?parent=71859"}],"wp:term":[{"taxonomy":"category","embeddable":true,"href":"https:\/\/portalcatolico.net\/portal\/wp-json\/wp\/v2\/categories?post=71859"},{"taxonomy":"post_tag","embeddable":true,"href":"https:\/\/portalcatolico.net\/portal\/wp-json\/wp\/v2\/tags?post=71859"}],"curies":[{"name":"wp","href":"https:\/\/api.w.org\/{rel}","templated":true}]}}