{"id":71856,"date":"2021-04-07T19:50:34","date_gmt":"2021-04-07T22:50:34","guid":{"rendered":"http:\/\/portalcatolico.net\/portal\/?p=71856"},"modified":"2021-04-07T19:50:34","modified_gmt":"2021-04-07T22:50:34","slug":"o-papa-os-santos-nos-lembram-que-a-santidade-pode-florescer-em-nossas-vidas","status":"publish","type":"post","link":"https:\/\/portalcatolico.net\/portal\/o-papa-os-santos-nos-lembram-que-a-santidade-pode-florescer-em-nossas-vidas\/","title":{"rendered":"O Papa: os santos nos lembram que a santidade pode florescer em nossas vidas"},"content":{"rendered":"<div class=\"article__subTitle\">&#8220;O nome que nos \u00e9 dado no Batismo n\u00e3o \u00e9 uma etiqueta ou uma decora\u00e7\u00e3o! Geralmente \u00e9 o nome da Virgem, uma santa ou um santo, que est\u00e1 esperando para &#8220;nos dar uma m\u00e3o&#8221; na vida para obter de Deus as gra\u00e7as de que mais precisamos&#8221;, disse Francisco na catequese da Audi\u00eancia Geral.<\/div>\n<div>&nbsp;<\/div>\n<div>&#8220;Rezar em comunh\u00e3o com os santos&#8221; foi o tema da catequese do Papa Francisco na Audi\u00eancia Geral, desta quarta-feira (07\/04), realizada na Biblioteca do Pal\u00e1cio Apost\u00f3lico.<\/div>\n<div>&nbsp;<\/div>\n<div>&#8220;Quando rezamos, nunca o fazemos sozinhos: mesmo que n\u00e3o pensemos nisso, estamos imersos num rio majestoso de invoca\u00e7\u00f5es que nos precede e continua depois de n\u00f3s. Nas ora\u00e7\u00f5es que encontramos na B\u00edblia, e que muitas vezes ressoam na liturgia, h\u00e1 um vest\u00edgio de hist\u00f3rias antigas, de liberta\u00e7\u00f5es prodigiosas, de deporta\u00e7\u00f5es e de tristes ex\u00edlios, de retornos comoventes, de louvores que fluem diante das maravilhas da cria\u00e7\u00e3o. Estas vozes s\u00e3o transmitidas de gera\u00e7\u00e3o em gera\u00e7\u00e3o, num entrela\u00e7amento cont\u00ednuo entre a experi\u00eancia pessoal e a do povo e da humanidade a que pertencemos&#8221;, frisou o Pont\u00edfice.<\/div>\n<div class=\"title__separator\">\n<p><i>As ora\u00e7\u00f5es, as boas, se difundem, como todos os bons, se propagam continuamente, com ou sem mensagens nas &#8220;redes sociais&#8221;: das enfermarias dos hospitais, dos momentos de encontro festivo, assim como daqueles em que se sofre em sil\u00eancio. A dor de cada pessoa \u00e9 a dor de todos, e a felicidade de um \u00e9 transferida para a alma de outros. A dor e a felicidade! Uma hist\u00f3ria que se torna hist\u00f3ria na pr\u00f3pria vida, se revive a hist\u00f3ria com as pr\u00f3prias palavras, mas a experi\u00eancia \u00e9 a mesma.<\/i><\/p>\n<p><strong>O santo recorda Jesus Cristo<\/strong><\/p>\n<p>&#8220;As ora\u00e7\u00f5es renascem sempre: cada vez que juntamos as m\u00e3os e abrimos o cora\u00e7\u00e3o a Deus, nos encontramos na companhia de santos an\u00f4nimos e santos reconhecidos que rezam conosco, e que intercedem por n\u00f3s, como irm\u00e3os e irm\u00e3s mais velhos que passaram por nossa mesma aventura humana&#8221;, disse ainda o Papa.<\/p>\n<p>&#8220;Na Igreja n\u00e3o h\u00e1 luto que permane\u00e7a solit\u00e1rio, n\u00e3o h\u00e1 l\u00e1grimas que sejam derramadas no esquecimento, porque tudo respira e participa de uma gra\u00e7a comum. N\u00e3o \u00e9 por acaso que nas igrejas antigas as sepulturas eram no jardim ao redor do edif\u00edcio sagrado, como se dissesse que em cada Eucaristia a multid\u00e3o dos que nos precederam participa de alguma forma. H\u00e1 os nossos pais e os nossos av\u00f3s, os padrinhos e madrinhas, os catequistas e outros educadores. Aquela f\u00e9 transmitida que n\u00f3s recebemos e que com ela nos foi transmitida a maneira de rezar, a ora\u00e7\u00e3o&#8221;, frisou o Pont\u00edfice, acrescentando:<\/p>\n<p><i>Os santos ainda est\u00e3o aqui, n\u00e3o muito longe de n\u00f3s; e suas representa\u00e7\u00f5es nas igrejas evocam aquela &#8220;nuvem de testemunhas&#8221; que sempre nos circunda. S\u00e3o testemunhas que n\u00e3o adoramos &#8211; claro, n\u00e3o adoramos estes santos, mas que veneramos e que de mil maneiras diferentes nos remetem a Jesus Cristo, o \u00fanico Senhor e Mediador entre Deus e o homem. Um santo que n\u00e3o nos remete a Jesus Cristo, n\u00e3o \u00e9 um santo e nem mesmo crist\u00e3o. O santo recorda Jesus Cristo, pois ele percorreu o caminho de viver como crist\u00e3o. Os santos nos lembram que mesmo em nossas vidas, embora fr\u00e1geis e marcadas pelo pecado, a santidade pode florescer. De fato, at\u00e9 no \u00faltimo momento.<\/i><\/p>\n<p>Segundo Francisco, &#8220;n\u00e3o \u00e9 por acaso que lemos nos Evangelhos que o primeiro santo canonizado foi um ladr\u00e3o e n\u00e3o canonizado por um Papa, mas por Jesus.&nbsp;<b>A santidade \u00e9 um percurso de vida, de encontro com Jesus, seja longo ou breve, seja em um instante. Mas \u00e9 sempre um testemunho. Um santo \u00e9 uma testemunha, um homem, uma mulher que encontrou Jesus e que seguiu Jesus.<\/b>&nbsp;Em Cristo existe uma misteriosa solidariedade entre aqueles que passaram para a outra vida e n\u00f3s, peregrinos nesta: nossos queridos defuntos, do c\u00e9u, continuam cuidando de n\u00f3s. Eles rezam por n\u00f3s e n\u00f3s rezamos com eles. N\u00f3s rezamos por eles e rezamos com eles&#8221;.<\/p>\n<p><strong>A ora\u00e7\u00e3o muda o cora\u00e7\u00e3o<\/strong><\/p>\n<p>Para o Papa, &#8220;este v\u00ednculo de ora\u00e7\u00e3o entre n\u00f3s e os santos, j\u00e1 o experimentamos aqui, na vida terrena: rezamos uns pelos outros, pedimos e oferecemos ora\u00e7\u00f5es. A primeira maneira de rezar por algu\u00e9m \u00e9 falar com Deus sobre ele ou ela. Se fizermos isso frequentemente, todos os dias, nosso cora\u00e7\u00e3o n\u00e3o se fecha, permanece aberto aos nossos irm\u00e3os e irm\u00e3s. Rezar pelos outros \u00e9 a primeira maneira de am\u00e1-los, e isso nos impulsiona&nbsp;\u00e0 proximidade concreta&#8221;.<\/p>\n<p><i>Mesmo em momentos de conflito, uma maneira de dissolver o conflito, de ameniz\u00e1-lo, \u00e9 rezar pela pessoa com quem estou em conflito. E algo muda com a ora\u00e7\u00e3o. A primeira coisa que muda \u00e9 o meu cora\u00e7\u00e3o; \u00e9 a minha atitude. O Senhor o muda para tornar poss\u00edvel um encontro, um novo encontro e evitar que o conflito se torne uma guerra sem fim.<\/i><\/p>\n<p>&#8220;A primeira maneira de enfrentar um momento de ang\u00fastia \u00e9 pedir aos nossos irm\u00e3os e aos santos, sobretudo, que rezem por n\u00f3s. O nome que nos \u00e9 dado no Batismo n\u00e3o \u00e9 uma etiqueta ou uma decora\u00e7\u00e3o! Geralmente \u00e9 o nome da Virgem, uma santa ou um santo, que est\u00e1 esperando para &#8220;nos dar uma m\u00e3o&#8221; na vida para obter de Deus as gra\u00e7as de que mais precisamos&#8221;, concluiu o Papa, recordando que n\u00f3s &#8220;sabemos que aqui na terra existem pessoas santas, homens e mulheres santos que vivem na santidade. Eles n\u00e3o sabem, n\u00f3s tamb\u00e9m n\u00e3o sabemos, mas existem os santos, os santos de todos os dias, os santos escondidos ou, como eu gosto de dizer, os &#8220;santos da porta ao lado&#8221;, aqueles que convivem conosco na vida, que trabalham conosco e levam uma vida de santidade&#8221;.<\/p>\n<\/div>\n<div class=\"article__text \">\n<p><b>Por Mariangela Jaguraba \/Vatican News<\/b><\/p>\n<\/div>\n","protected":false},"excerpt":{"rendered":"<p>&#8220;O nome que nos \u00e9 dado no Batismo n\u00e3o \u00e9 uma etiqueta ou uma decora\u00e7\u00e3o! Geralmente \u00e9 o nome da Virgem, uma santa ou um santo, que est\u00e1 esperando para &#8220;nos dar uma m\u00e3o&#8221; na vida para obter de Deus as gra\u00e7as de que mais precisamos&#8221;, disse Francisco na catequese da Audi\u00eancia Geral. &nbsp; &#8220;Rezar&nbsp;<\/p>\n<p><a class=\"btn btn-style\" href=\"https:\/\/portalcatolico.net\/portal\/o-papa-os-santos-nos-lembram-que-a-santidade-pode-florescer-em-nossas-vidas\/\">Continue Reading<\/a><\/p>\n","protected":false},"author":2,"featured_media":71857,"comment_status":"open","ping_status":"open","sticky":false,"template":"","format":"standard","meta":{"footnotes":""},"categories":[5],"tags":[],"class_list":["post-71856","post","type-post","status-publish","format-standard","has-post-thumbnail","hentry","category-igreja_no_mundo"],"_links":{"self":[{"href":"https:\/\/portalcatolico.net\/portal\/wp-json\/wp\/v2\/posts\/71856","targetHints":{"allow":["GET"]}}],"collection":[{"href":"https:\/\/portalcatolico.net\/portal\/wp-json\/wp\/v2\/posts"}],"about":[{"href":"https:\/\/portalcatolico.net\/portal\/wp-json\/wp\/v2\/types\/post"}],"author":[{"embeddable":true,"href":"https:\/\/portalcatolico.net\/portal\/wp-json\/wp\/v2\/users\/2"}],"replies":[{"embeddable":true,"href":"https:\/\/portalcatolico.net\/portal\/wp-json\/wp\/v2\/comments?post=71856"}],"version-history":[{"count":1,"href":"https:\/\/portalcatolico.net\/portal\/wp-json\/wp\/v2\/posts\/71856\/revisions"}],"predecessor-version":[{"id":71858,"href":"https:\/\/portalcatolico.net\/portal\/wp-json\/wp\/v2\/posts\/71856\/revisions\/71858"}],"wp:featuredmedia":[{"embeddable":true,"href":"https:\/\/portalcatolico.net\/portal\/wp-json\/wp\/v2\/media\/71857"}],"wp:attachment":[{"href":"https:\/\/portalcatolico.net\/portal\/wp-json\/wp\/v2\/media?parent=71856"}],"wp:term":[{"taxonomy":"category","embeddable":true,"href":"https:\/\/portalcatolico.net\/portal\/wp-json\/wp\/v2\/categories?post=71856"},{"taxonomy":"post_tag","embeddable":true,"href":"https:\/\/portalcatolico.net\/portal\/wp-json\/wp\/v2\/tags?post=71856"}],"curies":[{"name":"wp","href":"https:\/\/api.w.org\/{rel}","templated":true}]}}