{"id":71853,"date":"2021-04-07T19:46:54","date_gmt":"2021-04-07T22:46:54","guid":{"rendered":"http:\/\/portalcatolico.net\/portal\/?p=71853"},"modified":"2021-04-07T19:46:54","modified_gmt":"2021-04-07T22:46:54","slug":"sao-jose-na-igreja-no-brasil-a-devocao-ao-pai-adotivo-de-jesus-em-sao-paulo","status":"publish","type":"post","link":"https:\/\/portalcatolico.net\/portal\/sao-jose-na-igreja-no-brasil-a-devocao-ao-pai-adotivo-de-jesus-em-sao-paulo\/","title":{"rendered":"S\u00c3O JOS\u00c9 NA IGREJA NO BRASIL\u2019, A DEVO\u00c7\u00c3O AO PAI ADOTIVO DE JESUS EM S\u00c3O PAULO"},"content":{"rendered":"<p class=\"elementor-heading-title elementor-size-default\"><strong>NA TERCEIRA REPORTAGEM DA S\u00c9RIE \u2018S\u00c3O JOS\u00c9 NA IGREJA NO BRASIL\u2019, A DEVO\u00c7\u00c3O AO PAI ADOTIVO DE JESUS EM S\u00c3O PAULO (SP) \u2013 REGIONAL SUL 1<\/strong><\/p>\n<section class=\"elementor-section elementor-top-section elementor-element elementor-element-63e64f4 elementor-section-boxed elementor-section-height-default elementor-section-height-default\" data-id=\"63e64f4\" data-element_type=\"section\">\n<div class=\"elementor-container elementor-column-gap-default\">\n<div class=\"elementor-row\">\n<div class=\"elementor-column elementor-col-100 elementor-top-column elementor-element elementor-element-60007b31\" data-id=\"60007b31\" data-element_type=\"column\">\n<div class=\"elementor-column-wrap elementor-element-populated\">\n<div class=\"elementor-widget-wrap\">\n<section class=\"elementor-section elementor-inner-section elementor-element elementor-element-6391dca5 elementor-section-boxed elementor-section-height-default elementor-section-height-default\" data-id=\"6391dca5\" data-element_type=\"section\">\n<div class=\"elementor-container elementor-column-gap-no\">\n<div class=\"elementor-row\">\n<div class=\"elementor-column elementor-col-33 elementor-inner-column elementor-element elementor-element-66a8fe41\" data-id=\"66a8fe41\" data-element_type=\"column\">\n<div class=\"elementor-column-wrap\">\n<div class=\"elementor-widget-wrap\">Nesta quarta-feira, 7 de abril, Dia do Jornalista, o portal da Confer\u00eancia Nacional dos Bispos do Brasil (CNBB) faz uma parada no Estado de S\u00e3o Paulo \u2013 maior cidade do Brasil, segundo o Instituto Brasileiro de Geografia e Estat\u00edstica (IBGE), para contar um pouco da devo\u00e7\u00e3o a S\u00e3o Jos\u00e9 na terceira reportagem da s\u00e9rie&nbsp;<strong>\u2018S\u00e3o Jos\u00e9 na Igreja no Brasil\u2019<\/strong>, que celebra o \u201cAno de S\u00e3o Jos\u00e9\u201d convocado pelo Papa Francisco por ocasi\u00e3o dos 150 anos da declara\u00e7\u00e3o do Esposo de Maria como Padroeiro da Igreja Cat\u00f3lica.<\/div>\n<\/div>\n<\/div>\n<\/div>\n<\/div>\n<\/section>\n<\/div>\n<\/div>\n<\/div>\n<\/div>\n<\/div>\n<\/section>\n<section class=\"elementor-section elementor-top-section elementor-element elementor-element-254fd40d elementor-section-stretched elementor-section-full_width elementor-section-height-default elementor-section-height-default\" data-id=\"254fd40d\" data-element_type=\"section\" data-settings=\"{&quot;stretch_section&quot;:&quot;section-stretched&quot;}\">\n<div class=\"elementor-container elementor-column-gap-default\">\n<div class=\"elementor-row\">\n<div class=\"elementor-column elementor-col-100 elementor-top-column elementor-element elementor-element-25e9ab4e\" data-id=\"25e9ab4e\" data-element_type=\"column\">\n<div class=\"elementor-column-wrap elementor-element-populated\">\n<div class=\"elementor-widget-wrap\">\n<section class=\"elementor-section elementor-inner-section elementor-element elementor-element-4118c185 elementor-section-boxed elementor-section-height-default elementor-section-height-default\" data-id=\"4118c185\" data-element_type=\"section\">\n<div class=\"elementor-container elementor-column-gap-default\">\n<div class=\"elementor-row\">\n<div class=\"elementor-column elementor-col-50 elementor-inner-column elementor-element elementor-element-798e2db8\" data-id=\"798e2db8\" data-element_type=\"column\">\n<div class=\"elementor-column-wrap elementor-element-populated\">\n<div class=\"elementor-widget-wrap\">\n<div class=\"elementor-element elementor-element-3a087bd2 elementor-widget elementor-widget-theme-post-content\" data-id=\"3a087bd2\" data-element_type=\"widget\" data-widget_type=\"theme-post-content.default\">\n<div class=\"elementor-widget-container\">\n<p>Nosso desembarque \u00e9 no bairro da Bela Vista, na regi\u00e3o central de S\u00e3o Paulo, onde fica a sede do Regional Sul 1 da CNBB, que compreende as arquidioceses e dioceses do Estado de S\u00e3o Paulo, divididas por sete sub-regi\u00f5es Pastorais: Aparecida, Botucatu, Campinas, Ribeir\u00e3o Preto I e II, S\u00e3o Paulo e Sorocaba.<\/p>\n<p>S\u00e3o Jos\u00e9 \u00e9 um dos santos mais populares da Igreja. Ele \u00e9 protetor da Igreja Cat\u00f3lica, padroeiro dos trabalhadores e das fam\u00edlias. Al\u00e9m disso, no estado de S\u00e3o Paulo, duas cidades levam o nome do esposo de Maria: S\u00e3o Jos\u00e9 dos Campos e S\u00e3o Jos\u00e9 do Rio Preto, cidades a quase 90 km e 450 km do centro da capital dos paulistanos, respectivamente.<\/p>\n<p><strong>S\u00e3o Jos\u00e9 na Igreja de S\u00e3o Jos\u00e9 dos Campos<\/strong><\/p>\n<p>Instalada em 1\u00ba de maio de 1981, a diocese de S\u00e3o Jos\u00e9 dos Campos foi dedicada a S\u00e3o Jos\u00e9 j\u00e1 na carta de pedido de cria\u00e7\u00e3o da nova diocese ao Papa. O ent\u00e3o Bispo de Taubat\u00e9, dom Jos\u00e9 Ant\u00f4nio do Couto, definia que o titular da Catedral seria S\u00e3o Dimas e o da Diocese S\u00e3o Jos\u00e9.<\/p>\n<figure id=\"attachment_261861\" class=\"wp-caption alignleft\" aria-describedby=\"caption-attachment-261861\"><img loading=\"lazy\" decoding=\"async\" class=\"wp-image-261861 lazyloaded\" src=\"https:\/\/eadn-wc02-718006.nxedge.io\/cdn\/wp-content\/uploads\/2021\/04\/Sao-Jose-matriz-SJC.jpg\" sizes=\"auto, (max-width: 407px) 100vw, 407px\" srcset=\"https:\/\/eadn-wc02-718006.nxedge.io\/cdn\/wp-content\/uploads\/2021\/04\/Sao-Jose-matriz-SJC.jpg 551w, https:\/\/eadn-wc02-718006.nxedge.io\/cdn\/wp-content\/uploads\/2021\/04\/Sao-Jose-matriz-SJC-264x300.png 264w, https:\/\/eadn-wc02-718006.nxedge.io\/cdn\/wp-content\/uploads\/2021\/04\/Sao-Jose-matriz-SJC-500x567.png 500w\" alt=\"\" width=\"407\" height=\"462\" data-ll-status=\"loaded\"><figcaption id=\"caption-attachment-261861\" class=\"wp-caption-text\"><em>Igreja Matriz de S\u00e3o Jos\u00e9 dos Campos. Foto: Diocese SJC<\/em><\/figcaption><\/figure>\n<p>Este ano, a diocese celebra n\u00e3o s\u00f3 o Ano de S\u00e3o Jos\u00e9, mas seus 40 anos de hist\u00f3ria e miss\u00e3o. De acordo com a diocese, a sua vida e desempenho pastoral s\u00e3o profundamente marcados pela figura do pai nutr\u00edcio de Jesus, a cujo patroc\u00ednio confia o cumprimento de sua miss\u00e3o.<\/p>\n<p><em>\u201cMesmo em meio aos limites impostos pela pandemia da COVID-19, diversas iniciativas t\u00eam sido tomadas como forma de celebrar o Ano de S\u00e3o Jos\u00e9 e de tornar mais presente na vida da Diocese de S\u00e3o Jos\u00e9 dos Campos o testemunho fecundo do homem justo\u201d<\/em>, destaca a diocese.<\/p>\n<p>Ao longo do ano, a diocese vai realizar diversas atividades em honra a S\u00e3o Jos\u00e9 e a prepara\u00e7\u00e3o para os 40 anos de sua instala\u00e7\u00e3o como novena do padroeiro, reflex\u00e3o da carta apost\u00f3lica&nbsp;<em>\u201cPatris corde \u2013 Com cora\u00e7\u00e3o de Pai\u201d<\/em>, publicada por ocasi\u00e3o dos 150 anos da declara\u00e7\u00e3o do Esposo de Maria como Padroeiro da Igreja Cat\u00f3lica.<\/p>\n<p>Ainda segundo a diocese, diversas par\u00f3quias est\u00e3o com celebra\u00e7\u00f5es semanais \u00e0 S\u00e3o Jos\u00e9 \u00e1s quartas-feiras ou mensal todo dia 19 de cada m\u00eas, com missa ou a recita\u00e7\u00e3o do ter\u00e7o acompanhada de reflex\u00f5es sobre a pessoa e miss\u00e3o de S\u00e3o Jos\u00e9. Enquanto permitido pelos protocolos de combate e preven\u00e7\u00e3o \u00e0 Covid-19, h\u00e1 incentivo, sobretudo, para a participa\u00e7\u00e3o dos homens nestas celebra\u00e7\u00f5es.<\/p>\n<p>O pai adotivo de Jesus \u00e9 padroeiro de quatro par\u00f3quias na diocese de S\u00e3o Jos\u00e9 dos Campos. Segundo eles, a mais antiga \u00e9 a primeira par\u00f3quia do munic\u00edpio, conhecida como Matriz de S\u00e3o Jos\u00e9 instalada em 1747, seguida da Par\u00f3quia S\u00e3o Jos\u00e9 Oper\u00e1rio instalada em 1998 na Vila Paiva e a Par\u00f3quia S\u00e3o Jos\u00e9 Esposo de Maria instalada em 2016 no bairro Campo de S\u00e3o Jos\u00e9. J\u00e1 no munic\u00edpio de Jacare\u00ed est\u00e1 situada a Par\u00f3quia S\u00e3o Jos\u00e9 Oper\u00e1rio, no bairro Cidade Salvador, instalada em 2005. A diocese informou ainda que em quase todas as par\u00f3quias existem diversas capelas dedicadas ao esposo de Maria.<\/p>\n<p><strong>S\u00e3o Jos\u00e9 na Igreja de S\u00e3o Jos\u00e9 do Rio Preto<\/strong><\/p>\n<p>A ocupa\u00e7\u00e3o da regi\u00e3o de S\u00e3o Jos\u00e9 do Rio Preto (SP) come\u00e7ou no s\u00e9culo XIX, com a chegada de fam\u00edlias at\u00e9 ent\u00e3o residentes em Minas Gerais em busca de terras f\u00e9rteis para a agricultura por volta de 1840, segundo o site da diocese.<\/p>\n<figure id=\"attachment_261857\" class=\"wp-caption aligncenter\" aria-describedby=\"caption-attachment-261857\"><img loading=\"lazy\" decoding=\"async\" class=\"wp-image-261857 size-large lazyloaded\" src=\"https:\/\/eadn-wc02-718006.nxedge.io\/cdn\/wp-content\/uploads\/2021\/04\/Primeira-Capela-de-Sao-Jose-do-Rio-Preto-construida-a-partir-de-1854-e-ampliada-em-1867-1024x468.jpg\" sizes=\"auto, (max-width: 1024px) 100vw, 1024px\" srcset=\"https:\/\/eadn-wc02-718006.nxedge.io\/cdn\/wp-content\/uploads\/2021\/04\/Primeira-Capela-de-Sao-Jose-do-Rio-Preto-construida-a-partir-de-1854-e-ampliada-em-1867-1024x468.jpg 1024w, https:\/\/eadn-wc02-718006.nxedge.io\/cdn\/wp-content\/uploads\/2021\/04\/Primeira-Capela-de-Sao-Jose-do-Rio-Preto-construida-a-partir-de-1854-e-ampliada-em-1867-300x137.jpg 300w, https:\/\/eadn-wc02-718006.nxedge.io\/cdn\/wp-content\/uploads\/2021\/04\/Primeira-Capela-de-Sao-Jose-do-Rio-Preto-construida-a-partir-de-1854-e-ampliada-em-1867-768x351.jpg 768w, https:\/\/eadn-wc02-718006.nxedge.io\/cdn\/wp-content\/uploads\/2021\/04\/Primeira-Capela-de-Sao-Jose-do-Rio-Preto-construida-a-partir-de-1854-e-ampliada-em-1867-1536x703.jpg 1536w, https:\/\/eadn-wc02-718006.nxedge.io\/cdn\/wp-content\/uploads\/2021\/04\/Primeira-Capela-de-Sao-Jose-do-Rio-Preto-construida-a-partir-de-1854-e-ampliada-em-1867-500x229.jpg 500w, https:\/\/eadn-wc02-718006.nxedge.io\/cdn\/wp-content\/uploads\/2021\/04\/Primeira-Capela-de-Sao-Jose-do-Rio-Preto-construida-a-partir-de-1854-e-ampliada-em-1867.jpg 1600w\" alt=\"\" width=\"1024\" height=\"468\" data-ll-status=\"loaded\"><figcaption id=\"caption-attachment-261857\" class=\"wp-caption-text\"><em>Primeira Capela de S\u00e3o Jos\u00e9 do Rio Preto, constru\u00edda a partir de 1854 e ampliada em 1867. Foto: Diocese<\/em><\/figcaption><\/figure>\n<p>Em 1857, a igrejinha constru\u00edda pelos primeiros habitantes da cidade \u00e9 oficialmente institu\u00edda como Capela e dedicada a S\u00e3o Jos\u00e9. Em 1912, a primeira capela foi demolida para a constru\u00e7\u00e3o da nova igreja, que foi conclu\u00edda em 1930. No ano seguinte a diocese de Rio Preto \u00e9 criada e a ela foi concedida o t\u00edtulo de S\u00e3o Jos\u00e9 como co-padroeiro diocesano. Atualmente, a diocese conta com 2 par\u00f3quias e uma catedral dedicadas ao Santo.<\/p>\n<p>Ao longo deste ano, a diocese vai motivar as par\u00f3quias a celebrar solenemente S\u00e3o Jos\u00e9 Oper\u00e1rio no dia 1\u00ba de maio \u2013 valorizando o mundo do trabalho e os trabalhadores e valorizar as par\u00f3quias e capelas que t\u00eam como padroeiro S\u00e3o Jos\u00e9: Adolfo \u2013 Jos\u00e9 Bonif\u00e1cio \u2013 Catedral; bem como as par\u00f3quias que&nbsp; possuem a Irmandade de S\u00e3o Jos\u00e9. Al\u00e9m de incentivar a ora\u00e7\u00e3o a S\u00e3o Jos\u00e9 pelas voca\u00e7\u00f5es.<\/p>\n<figure id=\"attachment_261860\" class=\"wp-caption alignright\" aria-describedby=\"caption-attachment-261860\"><img loading=\"lazy\" decoding=\"async\" class=\"wp-image-261860 lazyloaded\" src=\"https:\/\/eadn-wc02-718006.nxedge.io\/cdn\/wp-content\/uploads\/2021\/04\/Paroquia-Sao-Jose-Cravinhos_Ribeirao.jpg\" sizes=\"auto, (max-width: 246px) 100vw, 246px\" srcset=\"https:\/\/eadn-wc02-718006.nxedge.io\/cdn\/wp-content\/uploads\/2021\/04\/Paroquia-Sao-Jose-Cravinhos_Ribeirao.jpg 480w, https:\/\/eadn-wc02-718006.nxedge.io\/cdn\/wp-content\/uploads\/2021\/04\/Paroquia-Sao-Jose-Cravinhos_Ribeirao-225x300.jpg 225w, https:\/\/eadn-wc02-718006.nxedge.io\/cdn\/wp-content\/uploads\/2021\/04\/Paroquia-Sao-Jose-Cravinhos_Ribeirao-300x400.jpg 300w\" alt=\"\" width=\"246\" height=\"328\" data-ll-status=\"loaded\"><figcaption id=\"caption-attachment-261860\" class=\"wp-caption-text\"><em>Paroquia S\u00e3o Jos\u00e9 em Cravinhos. Foto: Diocese Ribeir\u00e3o Preto<\/em><\/figcaption><\/figure>\n<p><strong>S\u00e3o Jos\u00e9 na Igreja de Ribeir\u00e3o Preto<\/strong><\/p>\n<p>Na Arquidiocese de Ribeir\u00e3o Preto tr\u00eas par\u00f3quias \u2013 sendo duas delas centen\u00e1rias, e uma quase par\u00f3quia, s\u00e3o dedicadas ao Padroeiro Universal da Igreja Cat\u00f3lica. Segundo o site da arquidiocese, a mais antiga encontra-se em Cravinhos, fundada em 1898.&nbsp;A outra par\u00f3quia fica localizada na regi\u00e3o central da cidade, instalada canonicamente em 1964, por\u00e9m j\u00e1 era capela desde 1903.<\/p>\n<p>Ainda de acordo com o site da arquidiocese, a terceira par\u00f3quia \u00e9 dedicada a S\u00e3o Jos\u00e9 Oper\u00e1rio, foi criada em 2004, no Jardim Alvorada, em Santa Rita do Passa Quatro, e quase par\u00f3quia S\u00e3o Jos\u00e9, no bairro Jardim Am\u00e9lia, em Serrana, tamb\u00e9m criada em 2004.<\/p>\n<p><strong>S\u00e3o Jos\u00e9 na Igreja de Santo Andr\u00e9<\/strong><\/p>\n<p>Cinco par\u00f3quias s\u00e3o dedicadas a S\u00e3o Jos\u00e9 na diocese de Santo Andr\u00e9: as par\u00f3quias est\u00e3o localizadas em Santo Andr\u00e9, S\u00e3o Bernardo do Campo, Ribeir\u00e3o Pires e duas em Mau\u00e1. &nbsp;Apesar da pandemia, a Par\u00f3quia S\u00e3o Jos\u00e9 do Baeta Neves, em S\u00e3o Bernardo, realizou em mar\u00e7o, de forma on-line, a novena do padroeiro e concomitantemente o estudo da Carta Apost\u00f3lica do Papa&nbsp;<em>\u201cPatris Corde\u201d<\/em>, onde se trabalhou nove caracter\u00edsticas de S\u00e3o Jos\u00e9 apresentadas no documento.<\/p>\n<p>Entre as a\u00e7\u00f5es para o Ano de S\u00e3o Jos\u00e9, a diocese celebrou uma missa no \u00faltimo dia 19 de mar\u00e7o. O setor Fam\u00edlia promoveu a reza do Ter\u00e7o em Louvor a S\u00e3o Jos\u00e9, protetor da Sagrada Fam\u00edlia.<\/p>\n<figure id=\"attachment_261866\" class=\"wp-caption aligncenter\" aria-describedby=\"caption-attachment-261866\"><img loading=\"lazy\" decoding=\"async\" class=\"wp-image-261866 size-full lazyloaded\" src=\"https:\/\/eadn-wc02-718006.nxedge.io\/cdn\/wp-content\/uploads\/2021\/04\/WhatsApp-Image-2021-04-07-at-16.05.27.jpeg\" sizes=\"auto, (max-width: 750px) 100vw, 750px\" srcset=\"https:\/\/eadn-wc02-718006.nxedge.io\/cdn\/wp-content\/uploads\/2021\/04\/WhatsApp-Image-2021-04-07-at-16.05.27.jpeg 750w, https:\/\/eadn-wc02-718006.nxedge.io\/cdn\/wp-content\/uploads\/2021\/04\/WhatsApp-Image-2021-04-07-at-16.05.27-300x150.jpeg 300w, https:\/\/eadn-wc02-718006.nxedge.io\/cdn\/wp-content\/uploads\/2021\/04\/WhatsApp-Image-2021-04-07-at-16.05.27-500x249.jpeg 500w\" alt=\"\" width=\"750\" height=\"374\" data-ll-status=\"loaded\"><figcaption id=\"caption-attachment-261866\" class=\"wp-caption-text\">Dom Cipollini celebrando missa solene na Par\u00f3quia S\u00e3o Jos\u00e9 do Baeta Neves. Foto: Diocese de Santo Andr\u00e9<\/figcaption><\/figure>\n<p><em>\u201cS\u00e3o Jos\u00e9 nos inspira a superarmos as dificuldades para sermos vencedores\u201d<\/em>, ressalta o bispo de Santo Andr\u00e9 (SP) e presidente da Comiss\u00e3o Episcopal Pastoral para Doutrina da F\u00e9 da CNBB, dom Pedro Cipolini, ao falar dos desafios da caminhada do esposo de Maria e pai adotivo de Jesus, exemplo de fidelidade e compromisso ao acolher o chamado de Deus.<\/p>\n<p>Neste dia tamb\u00e9m foi lan\u00e7ado o podcast do Programa Verbum, \u201cA Palavra de Deus\u201d, reflex\u00e3o di\u00e1ria do evangelho. Al\u00e9m disso, no dia 19 de cada m\u00eas, como forma de expressar a devo\u00e7\u00e3o ao santo padroeiro da Igreja Cat\u00f3lica e valorizar as fam\u00edlias, a diocese de Santo Andr\u00e9 vai promover a veicula\u00e7\u00e3o da ora\u00e7\u00e3o \u00e0 Sagrada Fam\u00edlia e o ter\u00e7o de S\u00e3o Jos\u00e9, sempre \u00e0s 15h.<\/p>\n<p><strong>S\u00e3o Jos\u00e9 na Igreja de S\u00e3o Paulo<\/strong><\/p>\n<figure id=\"attachment_261856\" class=\"wp-caption alignright\" aria-describedby=\"caption-attachment-261856\"><img loading=\"lazy\" decoding=\"async\" class=\"wp-image-261856 lazyloaded\" src=\"https:\/\/eadn-wc02-718006.nxedge.io\/cdn\/wp-content\/uploads\/2021\/04\/Sao-Jose-Esposo-de-Maria_arq-SP.jpg\" sizes=\"auto, (max-width: 507px) 100vw, 507px\" srcset=\"https:\/\/eadn-wc02-718006.nxedge.io\/cdn\/wp-content\/uploads\/2021\/04\/Sao-Jose-Esposo-de-Maria_arq-SP.jpg 620w, https:\/\/eadn-wc02-718006.nxedge.io\/cdn\/wp-content\/uploads\/2021\/04\/Sao-Jose-Esposo-de-Maria_arq-SP-300x173.jpg 300w, https:\/\/eadn-wc02-718006.nxedge.io\/cdn\/wp-content\/uploads\/2021\/04\/Sao-Jose-Esposo-de-Maria_arq-SP-500x288.jpg 500w\" alt=\"\" width=\"507\" height=\"292\" data-ll-status=\"loaded\"><figcaption id=\"caption-attachment-261856\" class=\"wp-caption-text\"><em>Matriz S\u00e3o Jos\u00e9 Esposo Da Virgem Maria. Jardim Guanc\u00e3. Foto: Arq. S\u00e3o Paulo<\/em><\/figcaption><\/figure>\n<p>O privil\u00e9gio de ser pai adotivo do Jesus constitui o t\u00edtulo mais alto concedido a um homem, segundo o site da Arquidiocese de S\u00e3o Paulo ao destacar a solenidade de S\u00e3o Jos\u00e9. A devo\u00e7\u00e3o ao esposo de Maria na maior cidade do pa\u00eds conta com 29 comunidades dedicadas ao santo.<\/p>\n<p>De acordo com o site da arquidiocese de S\u00e3o Paulo, uma das devo\u00e7\u00f5es mais antigas est\u00e1 no bairro do Jardim Guanc\u00e3, onde Dona Concei\u00e7\u00e3o Aparecida da Silva Escobar deu o primeiro passo para o surgimento da hist\u00f3ria da Igreja de S\u00e3o Jos\u00e9 ainda em 1973. Depois de muito esfor\u00e7o, dedica\u00e7\u00e3o, passeatas e prociss\u00f5es, em 2004 foi criada a Par\u00f3quia Matriz S\u00e3o Jos\u00e9 Esposo Da Virgem Maria que \u00e9 administrada pelos padres da congrega\u00e7\u00e3o S\u00e3o Jos\u00e9.<\/p>\n<pre><strong><em>Com informa\u00e7\u00f5es e fotos:<\/em><\/strong>\r\n<em>Ascom Regional Sul 1 CNBB<\/em>\r\n<em>Dioceses de S\u00e3o Jos\u00e9 do Rio Preto, S\u00e3o Jos\u00e9 dos Campos e Santo Andr\u00e9<\/em>\r\n<em>Arquidioceses de S\u00e3o Paulo e Ribeir\u00e3o Preto<\/em>\r\n<em>Instituto Brasileiro de Geografia e Estat\u00edstica - IBGE<\/em>\r\n<em>Instituto Hist\u00f3rico, Geogr\u00e1fico e Geneal\u00f3gico de S\u00e3o Jos\u00e9 do Rio Preto\r\nFoto de capa: Diocese de S\u00e3o Jos\u00e9 do Rio Preto<\/em><\/pre>\n<\/div>\n<\/div>\n<\/div>\n<\/div>\n<\/div>\n<\/div>\n<\/div>\n<\/section>\n<\/div>\n<\/div>\n<\/div>\n<\/div>\n<\/div>\n<\/section>\n","protected":false},"excerpt":{"rendered":"<p>NA TERCEIRA REPORTAGEM DA S\u00c9RIE \u2018S\u00c3O JOS\u00c9 NA IGREJA NO BRASIL\u2019, A DEVO\u00c7\u00c3O AO PAI ADOTIVO DE JESUS EM S\u00c3O PAULO (SP) \u2013 REGIONAL SUL 1 Nesta quarta-feira, 7 de abril, Dia do Jornalista, o portal da Confer\u00eancia Nacional dos Bispos do Brasil (CNBB) faz uma parada no Estado de S\u00e3o Paulo \u2013 maior cidade&nbsp;<\/p>\n<p><a class=\"btn btn-style\" href=\"https:\/\/portalcatolico.net\/portal\/sao-jose-na-igreja-no-brasil-a-devocao-ao-pai-adotivo-de-jesus-em-sao-paulo\/\">Continue Reading<\/a><\/p>\n","protected":false},"author":2,"featured_media":71854,"comment_status":"open","ping_status":"open","sticky":false,"template":"","format":"standard","meta":{"footnotes":""},"categories":[3],"tags":[],"class_list":["post-71853","post","type-post","status-publish","format-standard","has-post-thumbnail","hentry","category-noticias_regionais"],"_links":{"self":[{"href":"https:\/\/portalcatolico.net\/portal\/wp-json\/wp\/v2\/posts\/71853","targetHints":{"allow":["GET"]}}],"collection":[{"href":"https:\/\/portalcatolico.net\/portal\/wp-json\/wp\/v2\/posts"}],"about":[{"href":"https:\/\/portalcatolico.net\/portal\/wp-json\/wp\/v2\/types\/post"}],"author":[{"embeddable":true,"href":"https:\/\/portalcatolico.net\/portal\/wp-json\/wp\/v2\/users\/2"}],"replies":[{"embeddable":true,"href":"https:\/\/portalcatolico.net\/portal\/wp-json\/wp\/v2\/comments?post=71853"}],"version-history":[{"count":1,"href":"https:\/\/portalcatolico.net\/portal\/wp-json\/wp\/v2\/posts\/71853\/revisions"}],"predecessor-version":[{"id":71855,"href":"https:\/\/portalcatolico.net\/portal\/wp-json\/wp\/v2\/posts\/71853\/revisions\/71855"}],"wp:featuredmedia":[{"embeddable":true,"href":"https:\/\/portalcatolico.net\/portal\/wp-json\/wp\/v2\/media\/71854"}],"wp:attachment":[{"href":"https:\/\/portalcatolico.net\/portal\/wp-json\/wp\/v2\/media?parent=71853"}],"wp:term":[{"taxonomy":"category","embeddable":true,"href":"https:\/\/portalcatolico.net\/portal\/wp-json\/wp\/v2\/categories?post=71853"},{"taxonomy":"post_tag","embeddable":true,"href":"https:\/\/portalcatolico.net\/portal\/wp-json\/wp\/v2\/tags?post=71853"}],"curies":[{"name":"wp","href":"https:\/\/api.w.org\/{rel}","templated":true}]}}