{"id":71848,"date":"2021-04-06T19:15:09","date_gmt":"2021-04-06T22:15:09","guid":{"rendered":"http:\/\/portalcatolico.net\/portal\/?p=71848"},"modified":"2021-04-06T19:16:53","modified_gmt":"2021-04-06T22:16:53","slug":"dom-carlos-alberto-celebra-quatro-anos-a-frente-da-diocese-de-itabuna","status":"publish","type":"post","link":"https:\/\/portalcatolico.net\/portal\/dom-carlos-alberto-celebra-quatro-anos-a-frente-da-diocese-de-itabuna\/","title":{"rendered":"Dom Carlos Alberto celebra quatro anos \u00e0 frente da Diocese de Itabuna"},"content":{"rendered":"<div class=\"PlainText\">Nesta pr\u00f3xima quarta-feira, 07 de abril de 2021, dom Carlos Alberto dos Santos, bispo da Diocese de Itabuna (Ba), completa 4 anos \u00e0 frente desta diocese. A equipe deste Portal Cat\u00f3lico de Not\u00edcias parabeniza este servo de Deus e deseja que&nbsp;Nossa Senhora o aben\u00e7oe cada vez mais, nesta miss\u00e3o evangelizadora.<\/div>\n<div>&nbsp;<\/div>\n<div class=\"PlainText\">A posse can\u00f4nica de dom Carlos aconteceu no dia 07 de abril de 2017, ap\u00f3s ele ter sido escolhido pelo Santo Padre, o&nbsp; Papa Francisco,&nbsp; no dia 1\u00b0 de fevereiro de 2017. Anteriormente, Dom Calos pastoreou a Diocese de Teixeira de Freitas\/Caravelas, no extremo sul da Bahia, por um per\u00edodo de 12 anos. Ele \u00e9 o quinto bispo a assumir a Diocese de Itabuna num per\u00edodo de 4 d\u00e9cadas (44 anos).&nbsp;<\/div>\n<div>&nbsp;<\/div>\n<div class=\"PlainText\">Dom Carlos&nbsp; tem a miss\u00e3o de ensinar, santificar e guiar em comunh\u00e3o hier\u00e1rquica com o sucessor de Pedro e com os outros membros do col\u00e9gio episcopal, as 33 par\u00f3quias e mais 140 comunidades, em 19 munic\u00edpios que pertencem \u00e0 Diocese, que tem como padroeiro,&nbsp; S\u00e3o Jos\u00e9.<\/div>\n<div>&nbsp;<\/div>\n<div class=\"PlainText\">Sergipano, Dom Carlos Alberto dos Santos tem 65 anos de idade e foi ordenado padre em 1983, em Tobias Barreto (SE), sua cidade natal. Em 15 de junho de 2005&nbsp; nomeado bispo e ordenado em 26 de julho do mesmo ano, em Aracaju (SE).<br \/>\nSeu lema episcopal: Per Marinm ad Eucharistian;(&#8220;Por Maria a Eucaristia&#8221;)<br \/>\nEm umas das entrevistas concedidas ao site do Vaticano em 2019, dom Carlos falou: &#8220;Precisamos estar no meio do povo, caminhando com o povo, sentindo o cheiro desse povo&#8221;, disse ele ao falar sobre esse pastoreio de acolhimento e proximidade, \u00e0 luz do exemplo do Papa Francisco.<\/div>\n<div>&nbsp;<\/div>\n<div class=\"PlainText\">Dom Carlos Alberto dos Santos assumiu o cargo de bispo da Diocese de Itabuna, substituindo a Dom Ceslau Stanula (em mem\u00f3ria). Dom Carlos Alberto em&nbsp; sua palavra de 2017, pediu para os fi\u00e9is presente na celebra\u00e7\u00e3o de posse, que rezem por ele. Afirmando ser um bispo feliz e realizado, ele suplicou a Deus que possa conduzir a Diocese com a li\u00e7\u00e3o de Jesus Cristo de ser um bom Pastor. &#8220;Eu vim para fazer a vontade do Senhor e fazer ecoar as palavras de Deus nos cora\u00e7\u00f5es das pessoas&#8221;.<\/div>\n<div>Foto:Acervo\/Portal Cat\u00f3lico<\/div>\n","protected":false},"excerpt":{"rendered":"<p>Nesta pr\u00f3xima quarta-feira, 07 de abril de 2021, dom Carlos Alberto dos Santos, bispo da Diocese de Itabuna (Ba), completa 4 anos \u00e0 frente desta diocese. A equipe deste Portal Cat\u00f3lico de Not\u00edcias parabeniza este servo de Deus e deseja que&nbsp;Nossa Senhora o aben\u00e7oe cada vez mais, nesta miss\u00e3o evangelizadora. &nbsp; A posse can\u00f4nica de&nbsp;<\/p>\n<p><a class=\"btn btn-style\" href=\"https:\/\/portalcatolico.net\/portal\/dom-carlos-alberto-celebra-quatro-anos-a-frente-da-diocese-de-itabuna\/\">Continue Reading<\/a><\/p>\n","protected":false},"author":2,"featured_media":71849,"comment_status":"open","ping_status":"open","sticky":false,"template":"","format":"standard","meta":{"footnotes":""},"categories":[69],"tags":[],"class_list":["post-71848","post","type-post","status-publish","format-standard","has-post-thumbnail","hentry","category-artigos"],"_links":{"self":[{"href":"https:\/\/portalcatolico.net\/portal\/wp-json\/wp\/v2\/posts\/71848","targetHints":{"allow":["GET"]}}],"collection":[{"href":"https:\/\/portalcatolico.net\/portal\/wp-json\/wp\/v2\/posts"}],"about":[{"href":"https:\/\/portalcatolico.net\/portal\/wp-json\/wp\/v2\/types\/post"}],"author":[{"embeddable":true,"href":"https:\/\/portalcatolico.net\/portal\/wp-json\/wp\/v2\/users\/2"}],"replies":[{"embeddable":true,"href":"https:\/\/portalcatolico.net\/portal\/wp-json\/wp\/v2\/comments?post=71848"}],"version-history":[{"count":3,"href":"https:\/\/portalcatolico.net\/portal\/wp-json\/wp\/v2\/posts\/71848\/revisions"}],"predecessor-version":[{"id":71852,"href":"https:\/\/portalcatolico.net\/portal\/wp-json\/wp\/v2\/posts\/71848\/revisions\/71852"}],"wp:featuredmedia":[{"embeddable":true,"href":"https:\/\/portalcatolico.net\/portal\/wp-json\/wp\/v2\/media\/71849"}],"wp:attachment":[{"href":"https:\/\/portalcatolico.net\/portal\/wp-json\/wp\/v2\/media?parent=71848"}],"wp:term":[{"taxonomy":"category","embeddable":true,"href":"https:\/\/portalcatolico.net\/portal\/wp-json\/wp\/v2\/categories?post=71848"},{"taxonomy":"post_tag","embeddable":true,"href":"https:\/\/portalcatolico.net\/portal\/wp-json\/wp\/v2\/tags?post=71848"}],"curies":[{"name":"wp","href":"https:\/\/api.w.org\/{rel}","templated":true}]}}