{"id":71845,"date":"2021-04-06T19:08:59","date_gmt":"2021-04-06T22:08:59","guid":{"rendered":"http:\/\/portalcatolico.net\/portal\/?p=71845"},"modified":"2021-04-06T19:08:59","modified_gmt":"2021-04-06T22:08:59","slug":"parolin-igreja-unida-para-dar-testemunho-do-evangelho","status":"publish","type":"post","link":"https:\/\/portalcatolico.net\/portal\/parolin-igreja-unida-para-dar-testemunho-do-evangelho\/","title":{"rendered":"Parolin: Igreja unida para dar testemunho do Evangelho"},"content":{"rendered":"<div class=\"article__subTitle\">Em entrevista \u00e0 r\u00e1dio espanhola COPE, o Secret\u00e1rio de Estado abordou numerosos temas, desde sua voca\u00e7\u00e3o sacerdotal at\u00e9 sua rela\u00e7\u00e3o com o Papa Francisco, dos contrastes atuais na comunidade eclesial \u00e0 realidade da Igreja na China<\/div>\n<div class=\"title__separator\">\n<p>&#8220;Estamos ao servi\u00e7o da comunh\u00e3o&#8221; e tamb\u00e9m da defesa e &#8220;da promo\u00e7\u00e3o da liberdade da Igreja, da liberdade religiosa&#8221;. Assim como a tarefa em prol da paz no mundo. Esta \u00e9 a minha maneira de ver a diplomacia&#8221;. Assim, o Cardeal Secret\u00e1rio de Estado Pietro Parolin se expressou em uma entrevista concedida a Jos\u00e9 Luis Rest\u00e1n, diretor editorial da r\u00e1dio espanhola COPE, por ocasi\u00e3o da P\u00e1scoa. Foram tratados v\u00e1rios temas entre os quais: a figura do Secret\u00e1rio de Estado e seu servi\u00e7o ao lado do Papa, a reforma da C\u00faria, os conflitos dentro da Igreja, a realidade da Igreja na China, a viagem ao Iraque e a miss\u00e3o da Igreja na Europa.<\/p>\n<p><b>Refor\u00e7o dos la\u00e7os entre a Santa S\u00e9 e as Igrejas locais<\/b><\/p>\n<p>Grande conhecedor da realidade da Igreja nos cinco continentes, o cardeal falou de sua voca\u00e7\u00e3o e de como h\u00e1 40 anos foi-lhe oferecida a possibilidade de se colocar ao servi\u00e7o do Papa, sem querer. &#8220;Acredito que minha voca\u00e7\u00e3o fundamental \u00e9 a sacerdotal&#8221;. Eu me sinto chamado, ainda me sinto chamado a ser um sacerdote, um ministro do Senhor que trabalha na Igreja pelas almas&#8221;, afirmou, lembrando que &#8220;existem v\u00e1rias maneiras de exercer o sacerd\u00f3cio&#8221; e que a diplomacia eclesi\u00e1stica \u00e9 uma delas. &#8220;Nunca encontrei uma contradi\u00e7\u00e3o entre ser sacerdote e ser diplomata, at\u00e9 porque, especialmente depois do Conc\u00edlio Vaticano II, &#8220;a tarefa dos n\u00fancios \u00e9 uma tarefa pastoral&#8221;, destinada a &#8220;fortalecer os la\u00e7os entre a Santa S\u00e9 e as igrejas locais&#8221;, explicou.<\/p>\n<p><strong>A reforma da C\u00faria<\/strong><\/p>\n<p>A tarefa do Secret\u00e1rio de Estado &#8211; acrescentou &#8211; continuar\u00e1 inalterada mesmo quando a reforma da C\u00faria Romana, que o Papa est\u00e1 preparando, estiver conclu\u00edda. Uma nova Constitui\u00e7\u00e3o Apost\u00f3lica substituir\u00e1 a ordem da C\u00faria atualmente em vigor, provavelmente mantendo o t\u00edtulo das primeiras palavras &#8220;Praedicate Evangelium&#8221;. O Secret\u00e1rio de Estado &#8211; portanto &#8211; continuar\u00e1 a coordenar a Secretaria de Estado, \u00f3rg\u00e3o que auxilia de perto o Santo Padre no governo da Igreja, em suas tr\u00eas se\u00e7\u00f5es: para assuntos gerais, para as rela\u00e7\u00f5es com os Estados e para o pessoal diplom\u00e1tico. \u201cContinuar\u00e1 a coordenar estas tr\u00eas se\u00e7\u00f5es&#8221;, especificou Parolin, &#8220;e a trabalhar acima de tudo, imagino, para a diplomacia eclesi\u00e1stica&#8221;.<\/p>\n<p><b>Colabora\u00e7\u00e3o com o Papa Francisco<\/b><\/p>\n<p>Testemunha excepcional do Pontificado do Papa Francisco, o cardeal recordou sua surpresa quando foi chamado oito anos atr\u00e1s pelo Santo Padre para ser seu Secret\u00e1rio de Estado, na \u00e9poca era n\u00fancio na Venezuela. Falou tamb\u00e9m sobre suas diferen\u00e7as de temperamento e que isso t\u00eam sido uma vantagem no servi\u00e7o \u00e0 Igreja. &#8220;\u00c9 uma quest\u00e3o de transformar nossas diferen\u00e7as em riqueza para o mundo&#8221;, como o Papa sempre diz. &#8220;Que n\u00e3o se torne&#8221;, disse, &#8220;um conflito, mas uma colabora\u00e7\u00e3o e que cada um com seu ponto de vista, com seu estilo, com sua sensibilidade, com sua prepara\u00e7\u00e3o, com sua cultura, com sua espiritualidade&#8221; colabore com o outro.<\/p>\n<p><b>Tornar a Igreja acredit\u00e1vel na proclama\u00e7\u00e3o do Evangelho<\/b><\/p>\n<p>Continuando a falar sobre o Papa, o cardeal acrescentou que o que mais o impressiona \u00e9 sua grande simplicidade. &#8220;Quando voc\u00ea se aproxima dele, percebe que ele \u00e9 um homem simples, sem protocolo&#8221;, observou, um homem que &#8220;se preocupa muito com os relacionamentos e a proximidade com os outros&#8221;, que &#8220;procura encontrar pessoas&#8221; &#8211; uma caracter\u00edstica tamb\u00e9m de sua maneira de trabalhar -, e cujo desejo \u00e9 &#8220;tornar a Igreja mais acredit\u00e1vel na proclama\u00e7\u00e3o do Evangelho&#8221;.<\/p>\n<p><b>A preocupa\u00e7\u00e3o pelos contrastes na Igreja<\/b><\/p>\n<p>Sobre a quest\u00e3o do contraste na comunidade eclesial da chamada ala conservadora e da chamada ala progressista, o cardeal destacou como esta situa\u00e7\u00e3o s\u00f3 causa dano \u00e0 Igreja, tendo Cristo rezado por sua unidade. &#8220;H\u00e1 motivos para preocupa\u00e7\u00e3o&#8221;, disse, refletindo como o problema &#8220;provavelmente deriva do fato de que o Papa d\u00e1 muito destaque \u00e0 reforma da Igreja e h\u00e1 muita confus\u00e3o a respeito disso&#8221;.<\/p>\n<p>A estrutura da Igreja, o dep\u00f3sito da f\u00e9, os sacramentos e o minist\u00e9rio apost\u00f3lico n\u00e3o podem ser mudados, mas h\u00e1 &#8220;toda uma vida da Igreja que pode ser renovada&#8221;, uma vida na qual operam homens pecadores e que, portanto, &#8220;precisa ser continuamente renovada&#8221;. \u00c0s vezes &#8211; explicou &#8211; essas divis\u00f5es e oposi\u00e7\u00f5es surgem da confus\u00e3o, da incapacidade de distinguir &#8220;entre o que \u00e9 essencial e n\u00e3o pode mudar e o que n\u00e3o \u00e9 essencial e deve ser reformado, deve mudar de acordo com o esp\u00edrito do Evangelho&#8221;.<\/p>\n<p><b>Esperan\u00e7a para o futuro da Igreja na China<\/b><\/p>\n<p>Dirigindo-se ent\u00e3o \u00e0 realidade da Igreja na China, o Cardeal Parolin destacou que a Santa S\u00e9 a olha com grande respeito, \u00e0 sua hist\u00f3ria de enorme sofrimento, mas tamb\u00e9m com grande esperan\u00e7a. Os passos dados at\u00e9 agora, &#8220;mesmo que n\u00e3o tenham resolvido todos os problemas que ainda existem e que provavelmente levar\u00e3o muito tempo &#8211; explicou &#8211; est\u00e3o na dire\u00e7\u00e3o certa para uma concilia\u00e7\u00e3o dentro da Igreja&#8221;. &#8220;O que foi e est\u00e1 sendo tentado &#8211; especificou &#8211; \u00e9 proteger esta comunidade que ainda \u00e9 pequena, mas que tem grande for\u00e7a e vitalidade. Tudo o que est\u00e1 sendo feito \u00e9 garantir uma vida normal na Igreja na China&#8221;, para garantir &#8220;espa\u00e7os de liberdade religiosa, de comunh\u00e3o porque n\u00e3o se pode viver na Igreja Cat\u00f3lica sem comunh\u00e3o com o sucessor de Pedro, com o Papa&#8221;.<\/p>\n<p><b>O grande testemunho dos crist\u00e3os iraquianos<\/b><\/p>\n<p>Recordando a viagem ao Iraque e o encontro com uma Igreja perseguida, que continua sofrendo e vivendo em um &#8220;clima de desconfian\u00e7a e incerteza que n\u00e3o permite aos crist\u00e3os ver um futuro no pa\u00eds&#8221;, o cardeal falou da grande li\u00e7\u00e3o aprendida neste encontro com os fi\u00e9is iraquianos. &#8220;O que eles nos ensinaram \u00e9 o testemunho de f\u00e9 que vai at\u00e9 o mart\u00edrio&#8221;. Esta \u00e9 a grande li\u00e7\u00e3o que aprendemos com os crist\u00e3os iraquianos&#8221;.&nbsp; Apesar dos ataques e das mortes, os crist\u00e3os continuam a professar sua f\u00e9 cat\u00f3lica com grande coragem. &#8220;Este \u00e9 um grande ensinamento&#8221;, acrescentou &#8211; e tamb\u00e9m um apelo \u00e0 solidariedade. &#8220;Eles nos ensinam esta capacidade de sermos fi\u00e9is apesar de todas as dificuldades&#8221;, observou, &#8220;mas ao mesmo tempo nos pedem mais solidariedade&#8221;.<\/p>\n<p><b>A perda da f\u00e9 na Europa<\/b><\/p>\n<p>Falando da Europa e da emerg\u00eancia de uma nova legisla\u00e7\u00e3o sobre quest\u00f5es \u00e9ticas cada vez mais distantes das ra\u00edzes crist\u00e3s, o cardeal admitiu sentir muito &#8220;a perda de f\u00e9&#8221; nestas &#8220;mudan\u00e7as antropol\u00f3gicas que est\u00e3o ocorrendo&#8221;, destacando que &#8220;perder a identidade da pessoa humana, mais do que uma perda de f\u00e9&#8221; representa &#8220;uma perda da raz\u00e3o&#8221;.&nbsp;Como o Papa Francisco tamb\u00e9m j\u00e1 disse muitas vezes, por exemplo, &#8220;a quest\u00e3o do aborto n\u00e3o \u00e9 uma quest\u00e3o religiosa&#8221;, mas uma quest\u00e3o da raz\u00e3o. E &#8220;provavelmente hoje, como disse Bento XVI, o problema fundamental \u00e9 a raz\u00e3o, n\u00e3o a f\u00e9&#8221;.&nbsp;E afirmou que a miss\u00e3o da Igreja na Europa \u00e9 a do testemunho. &#8220;Devemos testemunhar a nossa f\u00e9, testemunhar a nossa esperan\u00e7a, testemunhar a nossa caridade&#8221;, sem imposi\u00e7\u00f5es, mas somente oferecendo &#8220;um testemunho coerente e convicto de vida crist\u00e3&#8221;, como aconteceu nos primeiros s\u00e9culos da Igreja, quando ap\u00f3stolos e disc\u00edpulos chegaram a uma sociedade carente de valores crist\u00e3os e atrav\u00e9s de seu testemunho &#8220;conseguiram mudar a mentalidade e introduzir os valores do Evangelho na sociedade daquele tempo&#8221;.<\/p>\n<p><b>Necessidade de ora\u00e7\u00e3o<\/b><\/p>\n<p>Hoje mais do que nunca, concluiu o Cardeal Parolin, precisamos rezar, para nos unir a todos em ora\u00e7\u00e3o, para que o Senhor nos ajude a sermos fi\u00e9is &#8220;\u00e0 miss\u00e3o de testemunhar o Evangelho e tamb\u00e9m \u00e0 nossa perten\u00e7a \u00e0 Igreja no mundo de hoje&#8221;.<\/p>\n<\/div>\n<div class=\"article__text \">\n<p><b>Por Anna Poce \/Vatican News<\/b><\/p>\n<\/div>\n","protected":false},"excerpt":{"rendered":"<p>Em entrevista \u00e0 r\u00e1dio espanhola COPE, o Secret\u00e1rio de Estado abordou numerosos temas, desde sua voca\u00e7\u00e3o sacerdotal at\u00e9 sua rela\u00e7\u00e3o com o Papa Francisco, dos contrastes atuais na comunidade eclesial \u00e0 realidade da Igreja na China &#8220;Estamos ao servi\u00e7o da comunh\u00e3o&#8221; e tamb\u00e9m da defesa e &#8220;da promo\u00e7\u00e3o da liberdade da Igreja, da liberdade religiosa&#8221;.&nbsp;<\/p>\n<p><a class=\"btn btn-style\" href=\"https:\/\/portalcatolico.net\/portal\/parolin-igreja-unida-para-dar-testemunho-do-evangelho\/\">Continue Reading<\/a><\/p>\n","protected":false},"author":2,"featured_media":71846,"comment_status":"open","ping_status":"open","sticky":false,"template":"","format":"standard","meta":{"footnotes":""},"categories":[5],"tags":[],"class_list":["post-71845","post","type-post","status-publish","format-standard","has-post-thumbnail","hentry","category-igreja_no_mundo"],"_links":{"self":[{"href":"https:\/\/portalcatolico.net\/portal\/wp-json\/wp\/v2\/posts\/71845","targetHints":{"allow":["GET"]}}],"collection":[{"href":"https:\/\/portalcatolico.net\/portal\/wp-json\/wp\/v2\/posts"}],"about":[{"href":"https:\/\/portalcatolico.net\/portal\/wp-json\/wp\/v2\/types\/post"}],"author":[{"embeddable":true,"href":"https:\/\/portalcatolico.net\/portal\/wp-json\/wp\/v2\/users\/2"}],"replies":[{"embeddable":true,"href":"https:\/\/portalcatolico.net\/portal\/wp-json\/wp\/v2\/comments?post=71845"}],"version-history":[{"count":1,"href":"https:\/\/portalcatolico.net\/portal\/wp-json\/wp\/v2\/posts\/71845\/revisions"}],"predecessor-version":[{"id":71847,"href":"https:\/\/portalcatolico.net\/portal\/wp-json\/wp\/v2\/posts\/71845\/revisions\/71847"}],"wp:featuredmedia":[{"embeddable":true,"href":"https:\/\/portalcatolico.net\/portal\/wp-json\/wp\/v2\/media\/71846"}],"wp:attachment":[{"href":"https:\/\/portalcatolico.net\/portal\/wp-json\/wp\/v2\/media?parent=71845"}],"wp:term":[{"taxonomy":"category","embeddable":true,"href":"https:\/\/portalcatolico.net\/portal\/wp-json\/wp\/v2\/categories?post=71845"},{"taxonomy":"post_tag","embeddable":true,"href":"https:\/\/portalcatolico.net\/portal\/wp-json\/wp\/v2\/tags?post=71845"}],"curies":[{"name":"wp","href":"https:\/\/api.w.org\/{rel}","templated":true}]}}