{"id":71841,"date":"2021-04-05T20:16:34","date_gmt":"2021-04-05T23:16:34","guid":{"rendered":"http:\/\/portalcatolico.net\/portal\/?p=71841"},"modified":"2021-04-05T20:16:34","modified_gmt":"2021-04-05T23:16:34","slug":"os-ultimos-dias-de-joao-paulo-ii-sao-fonte-de-consolo-para-o-mundo-afirma-cardeal","status":"publish","type":"post","link":"https:\/\/portalcatolico.net\/portal\/os-ultimos-dias-de-joao-paulo-ii-sao-fonte-de-consolo-para-o-mundo-afirma-cardeal\/","title":{"rendered":"Os \u00faltimos dias de Jo\u00e3o Paulo II s\u00e3o &#8220;fonte de consolo&#8221; para o mundo, afirma cardeal"},"content":{"rendered":"<p>Pessoas de todo o mundo continuam obtendo uma \u201cfonte de consolo\u201d, em meio \u00e0 pandemia de Covid-19, ao recordar como S\u00e3o Jo\u00e3o Paulo II enfrentou seus \u00faltimos dias, afirma o cardeal Stanislaw Dziwisz, que foi secret\u00e1rio pessoal do santo por mais de 40 anos.<\/p>\n<p>Em 2 de abril, no 16\u00ba anivers\u00e1rio da morte de Jo\u00e3o Paulo II, o cardeal Dziwisz lembrou que esta data \u00e9 comemorada em meio a uma pandemia que j\u00e1 matou mais de 2,8 milh\u00f5es de pessoas em todo o mundo.<\/p>\n<p>O cardeal polon\u00eas, de 81 anos, disse que as semanas finais do pontificado de 27 anos de S\u00e3o Jo\u00e3o Paulo II ofereceram uma mensagem de solidariedade interpessoal.<\/p>\n<p>\u201cA li\u00e7\u00e3o que Jo\u00e3o Paulo II deu ao mundo quando partiu para a casa do Pai pode ser uma fonte de consolo para aqueles que est\u00e3o desesperados pela morte de seus entes queridos, bem como para aqueles que temem por sua sa\u00fade e seguran\u00e7a\u201d, disse o arcebispo em\u00e9rito de Crac\u00f3via \u00e0 Ag\u00eancia de Imprensa Polonesa (PAP).<\/p>\n<p>Ao recordar a morte de Jo\u00e3o Paulo II, aos 84 anos, em 2 de abril de 2005, o cardeal disse: \u201cFoi um momento humanamente triste e doloroso, mas ao mesmo tempo cheio de algo de luz\u201d.<\/p>\n<p>Assinalou que ap\u00f3s o \u00faltimo suspiro do papa, os presentes cantaram o &#8220;Te Deum&#8221; em a\u00e7\u00e3o de gra\u00e7as pela&nbsp;vida&nbsp;de Jo\u00e3o Paulo II, em vez de recitar a ora\u00e7\u00e3o das almas do purgat\u00f3rio.<\/p>\n<p>O cardeal Dziwisz disse que o Papa aceitou seus \u00faltimos anos de doen\u00e7a e sua morte iminente &#8220;com humildade e, inclusive, com certa serenidade&#8221;.<\/p>\n<p>\u201cA sua humildade tamb\u00e9m se manifestou no fato de n\u00e3o evitar as c\u00e2meras, o encontro com as pessoas, embora soubesse que podiam ver a sua fraqueza e, inclusive, desamparo f\u00edsico. Foi corajoso mostrar seu sofrimento ao mundo. Acho que ajudou muitos doentes e moribundos por doen\u00e7as f\u00edsicas e espirituais\u201d, comentou.<\/p>\n<p>O cardeal disse que a Via-Sacra era uma parte importante da espiritualidade de Jo\u00e3o Paulo II.<\/p>\n<p>Ao descrever o Papa como um homem da cruz, o cardeal disse: \u201cFui testemunha di\u00e1ria deste caminho da cruz, do seu servi\u00e7o, da sua coragem, da sua total dedica\u00e7\u00e3o a Jesus e a sua M\u00e3e\u201d.<\/p>\n<p>O cardeal acrescentou que a pandemia do coronav\u00edrus destacou a brevidade da vida e a urg\u00eancia de se reconciliar com Deus e com o pr\u00f3ximo.<\/p>\n<p>\u201cPara um encontro com o Senhor misericordioso, \u00e9 preciso estar preparado a qualquer momento. Isso tamb\u00e9m ficou claro para n\u00f3s com a pandemia, porque muitos n\u00e3o s\u00f3 n\u00e3o conseguiram se despedir de seus entes queridos, mas tamb\u00e9m partiram com o peso morto da dor que n\u00e3o conseguiram perdoar\u201d, disse.<\/p>\n<p>S\u00e3o Jo\u00e3o Paulo II morreu na v\u00e9spera do Domingo da Divina Miseric\u00f3rdia, festa que ele mesmo instituiu. A festa \u00e9 precedida de uma novena que come\u00e7a na Sexta-feira Santa.<\/p>\n<p>O Domingo da Divina Miseric\u00f3rdia tem suas ra\u00edzes nas apari\u00e7\u00f5es de Jesus a Santa Faustina Kowalska, uma freira polonesa que registrou suas conversas com Cristo em forma de di\u00e1rio.<\/p>\n<p>Ao pregar na canoniza\u00e7\u00e3o de Santa Faustina, em 30 de abril de 2000, Jo\u00e3o Paulo II dizia: \u201cO que nos trar\u00e3o os anos que est\u00e3o diante de n\u00f3s? Como ser\u00e1 o futuro do homem sobre a terra? A n\u00f3s n\u00e3o \u00e9 dado sab\u00ea-lo. Contudo, \u00e9 certo que ao lado de novos progressos n\u00e3o faltar\u00e3o, infelizmente, experi\u00eancias dolorosas.\u201d<\/p>\n<p>\u201cMas a luz da miseric\u00f3rdia divina, que o Senhor quis como que entregar de novo ao mundo atrav\u00e9s do carisma da Irm\u00e3 Faustina, iluminar\u00e1 o caminho dos homens do terceiro mil\u00e9nio\u201d, disse nessa ocasi\u00e3o.(ACI)<\/p>\n","protected":false},"excerpt":{"rendered":"<p>Pessoas de todo o mundo continuam obtendo uma \u201cfonte de consolo\u201d, em meio \u00e0 pandemia de Covid-19, ao recordar como S\u00e3o Jo\u00e3o Paulo II enfrentou seus \u00faltimos dias, afirma o cardeal Stanislaw Dziwisz, que foi secret\u00e1rio pessoal do santo por mais de 40 anos. Em 2 de abril, no 16\u00ba anivers\u00e1rio da morte de Jo\u00e3o&nbsp;<\/p>\n<p><a class=\"btn btn-style\" href=\"https:\/\/portalcatolico.net\/portal\/os-ultimos-dias-de-joao-paulo-ii-sao-fonte-de-consolo-para-o-mundo-afirma-cardeal\/\">Continue Reading<\/a><\/p>\n","protected":false},"author":2,"featured_media":71843,"comment_status":"open","ping_status":"open","sticky":false,"template":"","format":"standard","meta":{"footnotes":""},"categories":[5],"tags":[],"class_list":["post-71841","post","type-post","status-publish","format-standard","has-post-thumbnail","hentry","category-igreja_no_mundo"],"_links":{"self":[{"href":"https:\/\/portalcatolico.net\/portal\/wp-json\/wp\/v2\/posts\/71841","targetHints":{"allow":["GET"]}}],"collection":[{"href":"https:\/\/portalcatolico.net\/portal\/wp-json\/wp\/v2\/posts"}],"about":[{"href":"https:\/\/portalcatolico.net\/portal\/wp-json\/wp\/v2\/types\/post"}],"author":[{"embeddable":true,"href":"https:\/\/portalcatolico.net\/portal\/wp-json\/wp\/v2\/users\/2"}],"replies":[{"embeddable":true,"href":"https:\/\/portalcatolico.net\/portal\/wp-json\/wp\/v2\/comments?post=71841"}],"version-history":[{"count":1,"href":"https:\/\/portalcatolico.net\/portal\/wp-json\/wp\/v2\/posts\/71841\/revisions"}],"predecessor-version":[{"id":71844,"href":"https:\/\/portalcatolico.net\/portal\/wp-json\/wp\/v2\/posts\/71841\/revisions\/71844"}],"wp:featuredmedia":[{"embeddable":true,"href":"https:\/\/portalcatolico.net\/portal\/wp-json\/wp\/v2\/media\/71843"}],"wp:attachment":[{"href":"https:\/\/portalcatolico.net\/portal\/wp-json\/wp\/v2\/media?parent=71841"}],"wp:term":[{"taxonomy":"category","embeddable":true,"href":"https:\/\/portalcatolico.net\/portal\/wp-json\/wp\/v2\/categories?post=71841"},{"taxonomy":"post_tag","embeddable":true,"href":"https:\/\/portalcatolico.net\/portal\/wp-json\/wp\/v2\/tags?post=71841"}],"curies":[{"name":"wp","href":"https:\/\/api.w.org\/{rel}","templated":true}]}}