{"id":71832,"date":"2021-04-04T10:51:30","date_gmt":"2021-04-04T13:51:30","guid":{"rendered":"http:\/\/portalcatolico.net\/portal\/?p=71832"},"modified":"2021-04-04T17:43:42","modified_gmt":"2021-04-04T20:43:42","slug":"familias-do-lixao-de-itabuna-recebem-doacoes-de-cestas-basicas","status":"publish","type":"post","link":"https:\/\/portalcatolico.net\/portal\/familias-do-lixao-de-itabuna-recebem-doacoes-de-cestas-basicas\/","title":{"rendered":"Fam\u00edlias do Lix\u00e3o de Itabuna recebem doa\u00e7\u00f5es de cestas b\u00e1sicas"},"content":{"rendered":"<div>Empresas parceiras e apoiadoras no atendimento \u00e0s fam\u00edlias que moram no Lix\u00e3o, fizeram uma a\u00e7\u00e3o de muita import\u00e2ncia neste momento de pandemia: a doa\u00e7\u00e3o de cestas b\u00e1sicas. A organiza\u00e7\u00e3o da a\u00e7\u00e3o de solidariedade foi feita pelo padre Gilvan Oliveira, p\u00e1roco da Catedral de S\u00e3o Jos\u00e9.<\/div>\n<p>Vale ressaltar que est\u00e1 bem adiantado o projeto do cons\u00f3rcio de munic\u00edpios para transferir o Lix\u00e3o de Itabuna e dar dignidade aos trabalhadores e trabalhadoras da \u00e1rea de &nbsp;reciclagem.<\/p>\n<p><strong> Confira o v\u00eddeo e veja o que diz os apoiadores!<\/strong><\/p>\n<div style=\"width: 640px;\" class=\"wp-video\"><video class=\"wp-video-shortcode\" id=\"video-71832-1\" width=\"640\" height=\"352\" preload=\"metadata\" controls=\"controls\"><source type=\"video\/mp4\" src=\"http:\/\/portalcatolico.net\/portal\/wp-content\/uploads\/2021\/04\/WhatsApp-Video-2021-04-02-at-21.20.53.mp4?_=1\" \/><a href=\"http:\/\/portalcatolico.net\/portal\/wp-content\/uploads\/2021\/04\/WhatsApp-Video-2021-04-02-at-21.20.53.mp4\">http:\/\/portalcatolico.net\/portal\/wp-content\/uploads\/2021\/04\/WhatsApp-Video-2021-04-02-at-21.20.53.mp4<\/a><\/video><\/div>\n","protected":false},"excerpt":{"rendered":"<p>Empresas parceiras e apoiadoras no atendimento \u00e0s fam\u00edlias que moram no Lix\u00e3o, fizeram uma a\u00e7\u00e3o de muita import\u00e2ncia neste momento de pandemia: a doa\u00e7\u00e3o de cestas b\u00e1sicas. A organiza\u00e7\u00e3o da a\u00e7\u00e3o de solidariedade foi feita pelo padre Gilvan Oliveira, p\u00e1roco da Catedral de S\u00e3o Jos\u00e9. Vale ressaltar que est\u00e1 bem adiantado o projeto do cons\u00f3rcio&nbsp;<\/p>\n<p><a class=\"btn btn-style\" href=\"https:\/\/portalcatolico.net\/portal\/familias-do-lixao-de-itabuna-recebem-doacoes-de-cestas-basicas\/\">Continue Reading<\/a><\/p>\n","protected":false},"author":2,"featured_media":71838,"comment_status":"open","ping_status":"open","sticky":false,"template":"","format":"standard","meta":{"footnotes":""},"categories":[4],"tags":[],"class_list":["post-71832","post","type-post","status-publish","format-standard","has-post-thumbnail","hentry","category-destaques"],"_links":{"self":[{"href":"https:\/\/portalcatolico.net\/portal\/wp-json\/wp\/v2\/posts\/71832","targetHints":{"allow":["GET"]}}],"collection":[{"href":"https:\/\/portalcatolico.net\/portal\/wp-json\/wp\/v2\/posts"}],"about":[{"href":"https:\/\/portalcatolico.net\/portal\/wp-json\/wp\/v2\/types\/post"}],"author":[{"embeddable":true,"href":"https:\/\/portalcatolico.net\/portal\/wp-json\/wp\/v2\/users\/2"}],"replies":[{"embeddable":true,"href":"https:\/\/portalcatolico.net\/portal\/wp-json\/wp\/v2\/comments?post=71832"}],"version-history":[{"count":5,"href":"https:\/\/portalcatolico.net\/portal\/wp-json\/wp\/v2\/posts\/71832\/revisions"}],"predecessor-version":[{"id":71840,"href":"https:\/\/portalcatolico.net\/portal\/wp-json\/wp\/v2\/posts\/71832\/revisions\/71840"}],"wp:featuredmedia":[{"embeddable":true,"href":"https:\/\/portalcatolico.net\/portal\/wp-json\/wp\/v2\/media\/71838"}],"wp:attachment":[{"href":"https:\/\/portalcatolico.net\/portal\/wp-json\/wp\/v2\/media?parent=71832"}],"wp:term":[{"taxonomy":"category","embeddable":true,"href":"https:\/\/portalcatolico.net\/portal\/wp-json\/wp\/v2\/categories?post=71832"},{"taxonomy":"post_tag","embeddable":true,"href":"https:\/\/portalcatolico.net\/portal\/wp-json\/wp\/v2\/tags?post=71832"}],"curies":[{"name":"wp","href":"https:\/\/api.w.org\/{rel}","templated":true}]}}