{"id":71824,"date":"2021-04-03T23:44:34","date_gmt":"2021-04-04T02:44:34","guid":{"rendered":"http:\/\/portalcatolico.net\/portal\/?p=71824"},"modified":"2021-04-04T10:49:03","modified_gmt":"2021-04-04T13:49:03","slug":"paroquia-em-camacan-inova-e-realiza-drive-in-da-meditacao-da-paixao-de-cristo","status":"publish","type":"post","link":"https:\/\/portalcatolico.net\/portal\/paroquia-em-camacan-inova-e-realiza-drive-in-da-meditacao-da-paixao-de-cristo\/","title":{"rendered":"Par\u00f3quia em Camacan inova e realiza drive in da Medita\u00e7\u00e3o da Paix\u00e3o de Cristo"},"content":{"rendered":"<p><img loading=\"lazy\" decoding=\"async\" class=\"alignnone wp-image-71826\" src=\"http:\/\/portalcatolico.net\/portal\/wp-content\/uploads\/2021\/04\/IMG-20210402-WA0167-300x225.jpg\" alt=\"\" width=\"825\" height=\"619\" srcset=\"https:\/\/portalcatolico.net\/portal\/wp-content\/uploads\/2021\/04\/IMG-20210402-WA0167-300x225.jpg 300w, https:\/\/portalcatolico.net\/portal\/wp-content\/uploads\/2021\/04\/IMG-20210402-WA0167-768x576.jpg 768w, https:\/\/portalcatolico.net\/portal\/wp-content\/uploads\/2021\/04\/IMG-20210402-WA0167-1024x768.jpg 1024w, https:\/\/portalcatolico.net\/portal\/wp-content\/uploads\/2021\/04\/IMG-20210402-WA0167.jpg 1156w\" sizes=\"auto, (max-width: 825px) 100vw, 825px\" \/>A Par\u00f3quia S\u00e3o Sebasti\u00e3o de Camacan, no sul da Bahia, em parceria com a Diretoria de Cultura do munic\u00edpio, realizou na \u00faltima&nbsp; Sexta-feira Santa, um drive in da Medita\u00e7\u00e3o da Paix\u00e3o de Cristo.<br \/>\nA escolha deste formato de programa\u00e7\u00e3o, que \u00e9 onde as pessoas assistem de dentro do carro,&nbsp; se deu por causa pandemia do novo coronav\u00edrus.<\/p>\n<p><img loading=\"lazy\" decoding=\"async\" class=\"alignnone wp-image-71830\" src=\"http:\/\/portalcatolico.net\/portal\/wp-content\/uploads\/2021\/04\/IMG-20210402-WA0166-300x225.jpg\" alt=\"\" width=\"825\" height=\"619\" srcset=\"https:\/\/portalcatolico.net\/portal\/wp-content\/uploads\/2021\/04\/IMG-20210402-WA0166-300x225.jpg 300w, https:\/\/portalcatolico.net\/portal\/wp-content\/uploads\/2021\/04\/IMG-20210402-WA0166-768x576.jpg 768w, https:\/\/portalcatolico.net\/portal\/wp-content\/uploads\/2021\/04\/IMG-20210402-WA0166-1024x768.jpg 1024w, https:\/\/portalcatolico.net\/portal\/wp-content\/uploads\/2021\/04\/IMG-20210402-WA0166.jpg 1156w\" sizes=\"auto, (max-width: 825px) 100vw, 825px\" \/><\/p>\n","protected":false},"excerpt":{"rendered":"<p>A Par\u00f3quia S\u00e3o Sebasti\u00e3o de Camacan, no sul da Bahia, em parceria com a Diretoria de Cultura do munic\u00edpio, realizou na \u00faltima&nbsp; Sexta-feira Santa, um drive in da Medita\u00e7\u00e3o da Paix\u00e3o de Cristo. A escolha deste formato de programa\u00e7\u00e3o, que \u00e9 onde as pessoas assistem de dentro do carro,&nbsp; se deu por causa pandemia do&nbsp;<\/p>\n<p><a class=\"btn btn-style\" href=\"https:\/\/portalcatolico.net\/portal\/paroquia-em-camacan-inova-e-realiza-drive-in-da-meditacao-da-paixao-de-cristo\/\">Continue Reading<\/a><\/p>\n","protected":false},"author":2,"featured_media":71828,"comment_status":"open","ping_status":"open","sticky":false,"template":"","format":"standard","meta":{"footnotes":""},"categories":[4],"tags":[],"class_list":["post-71824","post","type-post","status-publish","format-standard","has-post-thumbnail","hentry","category-destaques"],"_links":{"self":[{"href":"https:\/\/portalcatolico.net\/portal\/wp-json\/wp\/v2\/posts\/71824","targetHints":{"allow":["GET"]}}],"collection":[{"href":"https:\/\/portalcatolico.net\/portal\/wp-json\/wp\/v2\/posts"}],"about":[{"href":"https:\/\/portalcatolico.net\/portal\/wp-json\/wp\/v2\/types\/post"}],"author":[{"embeddable":true,"href":"https:\/\/portalcatolico.net\/portal\/wp-json\/wp\/v2\/users\/2"}],"replies":[{"embeddable":true,"href":"https:\/\/portalcatolico.net\/portal\/wp-json\/wp\/v2\/comments?post=71824"}],"version-history":[{"count":4,"href":"https:\/\/portalcatolico.net\/portal\/wp-json\/wp\/v2\/posts\/71824\/revisions"}],"predecessor-version":[{"id":71831,"href":"https:\/\/portalcatolico.net\/portal\/wp-json\/wp\/v2\/posts\/71824\/revisions\/71831"}],"wp:featuredmedia":[{"embeddable":true,"href":"https:\/\/portalcatolico.net\/portal\/wp-json\/wp\/v2\/media\/71828"}],"wp:attachment":[{"href":"https:\/\/portalcatolico.net\/portal\/wp-json\/wp\/v2\/media?parent=71824"}],"wp:term":[{"taxonomy":"category","embeddable":true,"href":"https:\/\/portalcatolico.net\/portal\/wp-json\/wp\/v2\/categories?post=71824"},{"taxonomy":"post_tag","embeddable":true,"href":"https:\/\/portalcatolico.net\/portal\/wp-json\/wp\/v2\/tags?post=71824"}],"curies":[{"name":"wp","href":"https:\/\/api.w.org\/{rel}","templated":true}]}}