{"id":71821,"date":"2021-04-05T00:26:08","date_gmt":"2021-04-05T03:26:08","guid":{"rendered":"http:\/\/portalcatolico.net\/portal\/?p=71821"},"modified":"2021-04-04T10:26:52","modified_gmt":"2021-04-04T13:26:52","slug":"continuam-abertas-as-inscricoes-ao-mutirao-de-comunicacao-2021-evento-gratuito-e-em-formato-100-online","status":"publish","type":"post","link":"https:\/\/portalcatolico.net\/portal\/continuam-abertas-as-inscricoes-ao-mutirao-de-comunicacao-2021-evento-gratuito-e-em-formato-100-online\/","title":{"rendered":"CONTINUAM ABERTAS AS INSCRI\u00c7\u00d5ES AO MUTIR\u00c3O DE COMUNICA\u00c7\u00c3O 2021, EVENTO GRATUITO E EM FORMATO 100% ONLINE"},"content":{"rendered":"<p>O&nbsp;<strong>Mutir\u00e3o de Comunica\u00e7\u00e3o 2021<\/strong>&nbsp;\u00e9 o maior encontro de comunica\u00e7\u00e3o eclesial do pa\u00eds. Devido \u00e0s restri\u00e7\u00f5es impostas pela pandemia e as orienta\u00e7\u00f5es das autoridades sanit\u00e1rias, visando a seguran\u00e7a dos comunicadores, ele ser\u00e1&nbsp;<strong>100% on-line e gratuito<\/strong>.&nbsp;<a href=\"https:\/\/ciaticket.com.br\/e\/mutirao-de-comunicacao-2021-on-line22072021-307\" target=\"_blank\" rel=\"noopener\">As inscri\u00e7\u00f5es para o novo formato est\u00e3o abertas.<\/a><\/p>\n<p>Comunicadores das mais diversas esferas \u2013 jornalistas, publicit\u00e1rios, rela\u00e7\u00f5es p\u00fablicas, agentes de pastoral, professores e estudantes, pesquisadores, profissionais de comunica\u00e7\u00e3o \u2013 poder\u00e3o participar&nbsp;<strong>gratuitamente&nbsp;<\/strong>de grandes confer\u00eancias e aprofundamentos do tema central.<\/p>\n<p>Os eventos espec\u00edficos previstos para acontecer juntamente com o Mutir\u00e3o \u2013 7\u00ba Encontro Nacional da Pastoral da Comunica\u00e7\u00e3o, 2\u00ba Congresso da Signis Brasil, 3\u00ba Congresso de R\u00e1dios Cat\u00f3licas e 10\u00ba Encontro de Jornalistas das Assessorias de Comunica\u00e7\u00e3o na Igreja \u2013 se dar\u00e3o posteriormente, organizados pelos pr\u00f3prios grupos.<\/p>\n<p>Padre Tiago Sibula, coordenador geral do evento e assessor da Comiss\u00e3o Episcopal Pastoral para a Comunica\u00e7\u00e3o&nbsp; da Confer\u00eancia Nacional dos Bispos do Brasil (CNBB), ressalta que, \u201cmesmo diante de tantos desafios a serem superados, desejamos que o Mutir\u00e3o seja uma oportunidade de reflex\u00e3o e forma\u00e7\u00e3o para todos os comunicadores cat\u00f3licos\u201d.<\/p>\n<h3><strong>Programa\u00e7\u00e3o<\/strong><\/h3>\n<p>A programa\u00e7\u00e3o ter\u00e1 in\u00edcio na sexta-feira, dia 23 de julho, \u00e0s 16h45, com previs\u00e3o de encerramento \u00e0s 21h. No s\u00e1bado, dia 24, o Mutir\u00e3o se estende de 8h30 \u00e0s 18h. Al\u00e9m das palestras, est\u00e3o previstos momentos de espiritualidade, lan\u00e7amentos de livros, tecnologias de comunica\u00e7\u00e3o e apresenta\u00e7\u00f5es culturais. Durante todo o evento haver\u00e1 intera\u00e7\u00e3o com os participantes.<\/p>\n<p><strong>Inscri\u00e7\u00f5es efetuadas e reembolsos<br \/>\n<\/strong>Os comunicadores que j\u00e1 haviam realizado sua inscri\u00e7\u00e3o, permanecer\u00e3o inscritos e ser\u00e3o reembolsados integralmente. As devolu\u00e7\u00f5es ser\u00e3o realizadas mediante dep\u00f3sito banc\u00e1rio e\/ou estorno no cart\u00e3o de cr\u00e9dito. Para solicitar o seu reembolso,&nbsp;<strong><a href=\"https:\/\/ciaticket.com.br\/e\/devolucao-inscricao-mutirao-de-comunicacao-202127022021-306\" target=\"_blank\" rel=\"noopener\">basta acessar aqui o formul\u00e1rio<\/a>.<\/strong>&nbsp;D\u00favidas e esclarecimentos, poder\u00e3o ser atendidas pelo e-mail contato@muticom.com.br ou pelo whatsapp (41) 9568-8286<\/p>\n<div class=\"wp-video\">\n<div id=\"mep_0\" class=\"mejs-container wp-video-shortcode mejs-video mejs-container-keyboard-inactive\" tabindex=\"0\" role=\"application\" aria-label=\"Tocador de v\u00eddeo\">\n<div class=\"mejs-inner\">\n<div class=\"mejs-controls\">\n<div class=\"mejs-time mejs-currenttime-container\" role=\"timer\" aria-live=\"off\"><span class=\"mejs-duration\">Co<\/span><span style=\"font-family: Consolas, Monaco, monospace;\">m informa\u00e7\u00f5es: <\/span><a style=\"font-family: Consolas, Monaco, monospace;\" href=\"https:\/\/muticom.com.br\/\" target=\"_blank\" rel=\"noopener\">https:\/\/muticom.com.br<\/a><\/div>\n<\/div>\n<\/div>\n<\/div>\n<\/div>\n","protected":false},"excerpt":{"rendered":"<p>O&nbsp;Mutir\u00e3o de Comunica\u00e7\u00e3o 2021&nbsp;\u00e9 o maior encontro de comunica\u00e7\u00e3o eclesial do pa\u00eds. Devido \u00e0s restri\u00e7\u00f5es impostas pela pandemia e as orienta\u00e7\u00f5es das autoridades sanit\u00e1rias, visando a seguran\u00e7a dos comunicadores, ele ser\u00e1&nbsp;100% on-line e gratuito.&nbsp;As inscri\u00e7\u00f5es para o novo formato est\u00e3o abertas. Comunicadores das mais diversas esferas \u2013 jornalistas, publicit\u00e1rios, rela\u00e7\u00f5es p\u00fablicas, agentes de pastoral, professores&nbsp;<\/p>\n<p><a class=\"btn btn-style\" href=\"https:\/\/portalcatolico.net\/portal\/continuam-abertas-as-inscricoes-ao-mutirao-de-comunicacao-2021-evento-gratuito-e-em-formato-100-online\/\">Continue Reading<\/a><\/p>\n","protected":false},"author":2,"featured_media":71822,"comment_status":"open","ping_status":"open","sticky":false,"template":"","format":"standard","meta":{"footnotes":""},"categories":[3],"tags":[],"class_list":["post-71821","post","type-post","status-publish","format-standard","has-post-thumbnail","hentry","category-noticias_regionais"],"_links":{"self":[{"href":"https:\/\/portalcatolico.net\/portal\/wp-json\/wp\/v2\/posts\/71821","targetHints":{"allow":["GET"]}}],"collection":[{"href":"https:\/\/portalcatolico.net\/portal\/wp-json\/wp\/v2\/posts"}],"about":[{"href":"https:\/\/portalcatolico.net\/portal\/wp-json\/wp\/v2\/types\/post"}],"author":[{"embeddable":true,"href":"https:\/\/portalcatolico.net\/portal\/wp-json\/wp\/v2\/users\/2"}],"replies":[{"embeddable":true,"href":"https:\/\/portalcatolico.net\/portal\/wp-json\/wp\/v2\/comments?post=71821"}],"version-history":[{"count":1,"href":"https:\/\/portalcatolico.net\/portal\/wp-json\/wp\/v2\/posts\/71821\/revisions"}],"predecessor-version":[{"id":71823,"href":"https:\/\/portalcatolico.net\/portal\/wp-json\/wp\/v2\/posts\/71821\/revisions\/71823"}],"wp:featuredmedia":[{"embeddable":true,"href":"https:\/\/portalcatolico.net\/portal\/wp-json\/wp\/v2\/media\/71822"}],"wp:attachment":[{"href":"https:\/\/portalcatolico.net\/portal\/wp-json\/wp\/v2\/media?parent=71821"}],"wp:term":[{"taxonomy":"category","embeddable":true,"href":"https:\/\/portalcatolico.net\/portal\/wp-json\/wp\/v2\/categories?post=71821"},{"taxonomy":"post_tag","embeddable":true,"href":"https:\/\/portalcatolico.net\/portal\/wp-json\/wp\/v2\/tags?post=71821"}],"curies":[{"name":"wp","href":"https:\/\/api.w.org\/{rel}","templated":true}]}}