{"id":71818,"date":"2021-04-04T10:21:08","date_gmt":"2021-04-04T13:21:08","guid":{"rendered":"http:\/\/portalcatolico.net\/portal\/?p=71818"},"modified":"2021-04-04T10:21:08","modified_gmt":"2021-04-04T13:21:08","slug":"papa-em-meio-a-guerras-e-pandemia-o-ressuscitado-e-a-esperanca","status":"publish","type":"post","link":"https:\/\/portalcatolico.net\/portal\/papa-em-meio-a-guerras-e-pandemia-o-ressuscitado-e-a-esperanca\/","title":{"rendered":"Papa: Em meio a guerras e pandemia, o Ressuscitado \u00e9 a esperan\u00e7a"},"content":{"rendered":"<div class=\"article__subTitle\">Na mensagem Urbi et Orbi, a aten\u00e7\u00e3o do Papa Francisco se volta ao mundo marcado por conflitos e restri\u00e7\u00f5es impostas pelo coronav\u00edrus: \u201c\u00c0 luz do Ressuscitado, os nossos sofrimentos s\u00e3o transfigurados. Onde havia morte, agora h\u00e1 vida; onde havia luto, agora h\u00e1 consola\u00e7\u00e3o. Ao abra\u00e7ar a Cruz, Jesus deu sentido aos nossos sofrimentos. Feliz P\u00e1scoa para todos!\u201d<\/div>\n<div>&nbsp;<\/div>\n<div>Queridos irm\u00e3os e irm\u00e3s, feliz P\u00e1scoa! Hoje ressoa, em todas as partes do mundo, o an\u00fancio da Igreja: \u00ab<i>Jesus, o crucificado, ressuscitou, como tinha dito. Aleluia<\/i>\u00bb.<\/div>\n<div class=\"title__separator\">\n<p>O Papa Francisco presidiu na Bas\u00edlica Vaticana \u00e0 Santa Missa de P\u00e1scoa, com uma limitada presen\u00e7a de fi\u00e9is devido \u00e0s normas anti-Covid. E foi precisamente esta situa\u00e7\u00e3o que conduziu a mensagem Urbi et orbi pronunciada em frente ao altar da C\u00e1tedra.<\/p>\n<p><strong>Vacinas, instrumentos essencial na luta contra a Covid<\/strong><\/p>\n<p>\u201cA pandemia est\u00e1 ainda em pleno desenvolvimento; a crise social e econ\u00f4mica \u00e9 muito pesada, especialmente para os mais pobres; apesar disso \u2013 e \u00e9 escandaloso \u2013, n\u00e3o cessam os conflitos armados e refor\u00e7am-se os arsenais militares\u201d, disse o Pont\u00edfice<\/p>\n<p>Nesta complexa realidade, o an\u00fancio de P\u00e1scoa encerra em poucas palavras um acontecimento que d\u00e1 a esperan\u00e7a: \u00abO crucificado ressuscitou\u00bb. E as chagas de Jesus \u201cs\u00e3o a chancela perene do seu amor por n\u00f3s\u201d. N\u00e3o se trata de uma miragem.<\/p>\n<p>Cristo ressuscitado \u00e9 esperan\u00e7a para quem sofre devido \u00e0 pandemia, para os doentes e para quem perdeu um ente querido, para os desempregados, para os m\u00e9dicos e enfermeiros.<\/p>\n<p>Um instrumento essencial nesta luta, disse o Papa, s\u00e3o as vacinas. Por isso, exorta toda a comunidade internacional a um empenho comum para superar os atrasos na distribui\u00e7\u00e3o das doses e facilitar a sua partilha, especialmente com os pa\u00edses mais pobres.<\/p>\n<p><strong>Os pa\u00edses sedentos de paz<\/strong><\/p>\n<p>Infelizmente, constatou o Pont\u00edfice, a pandemia elevou de maneira dram\u00e1tica o n\u00famero dos pobres. E o pensamento e encorajamento do Papa foram ao povo haitiano, \u201ca fim de n\u00e3o se deixar vencer pelas dificuldades, mas olhar para o futuro com confian\u00e7a e esperan\u00e7a\u201d.<\/p>\n<p>Jesus ressuscitado \u00e9 esperan\u00e7a tamb\u00e9m para tantos jovens sem ir \u00e0 escola ou \u00e0 universidade. \u201cTodos precisamos de viver rela\u00e7\u00f5es humanas reais e n\u00e3o apenas virtuais.\u201d<\/p>\n<p>De modo especial, o Papa manifestou sua solidariedade aos jovens de Mianmar, \u201cque se empenham pela democracia\u201d.<\/p>\n<p>A mensagem pascal \u00e9 dirigida tamb\u00e9m aos migrantes que fogem da guerra e da mis\u00e9ria. E Francisco agradeceu aos pa\u00edses que acolhem, como Jord\u00e2nia e L\u00edbano, que enfrenta inclusive um \u201cper\u00edodo de dificuldades e incertezas\u201d. O Papa citou ainda a S\u00edria, o I\u00eamen, a L\u00edbia, a Ucr\u00e2nia, o Sahel e a Nig\u00e9ria, bem como a regi\u00e3o de Tigr\u00e9 e Cabo Delgado, em Mo\u00e7ambique.<\/p>\n<p>\u201cA Ressurrei\u00e7\u00e3o leva-nos, naturalmente, a Jerusal\u00e9m. Para ela imploramos do Senhor paz e seguran\u00e7a\u201d, a fim de que israelenses e palestinos convivam lado a lado.<\/p>\n<p>Francisco n\u00e3o poderia deixar de citar o Iraque, pa\u00eds que visitou um m\u00eas atr\u00e1s e \u201cpelo qual rezo a fim de continuar o caminho de pacifica\u00e7\u00e3o\u201d.<\/p>\n<p><strong>Vencer a mentalidade da guerra<\/strong><\/p>\n<p>\u201cNo mundo, h\u00e1 ainda demasiadas guerras, demasiada viol\u00eancia! O Senhor, que \u00e9 a nossa paz, nos ajude a&nbsp;<i>vencer a mentalidade da guerra<\/i>\u201d, foi o clamor do Papa.<\/p>\n<p>O Santo Padre recordou ainda que neste 4 de abril, celebra-se o Dia Mundial contra as Minas Antipessoais: \u201cComo seria melhor um mundo sem estes instrumentos de morte!\u201d.<\/p>\n<p>Por fim, um pensamento aos muitos crist\u00e3os que sequer podem ir \u00e0s missas por causa da pandemia. \u201cRezemos para que tais limita\u00e7\u00f5es, bem como toda a limita\u00e7\u00e3o \u00e0 liberdade de culto e religi\u00e3o no mundo, sejam removidas e cada um possa livremente rezar e louvar a Deus.\u201d<\/p>\n<p>A mensagem final do Papa foi de esperan\u00e7a:<\/p>\n<div>\n<div class=\"article__embed article__embed--border embed_style\">\n<blockquote><p>\u201c\u00c0 luz do Ressuscitado, os nossos sofrimentos s\u00e3o transfigurados. Onde havia morte, agora h\u00e1 vida; onde havia luto, agora h\u00e1 consola\u00e7\u00e3o. Ao abra\u00e7ar a Cruz, Jesus deu sentido aos nossos sofrimentos. Feliz P\u00e1scoa para todos!\u201d<\/p><\/blockquote>\n<\/div>\n<\/div>\n<\/div>\n<div class=\"article__text \">\n<p><b>Por Bianca Fraccalvieri \u2013 Vatican News<\/b><\/p>\n<\/div>\n","protected":false},"excerpt":{"rendered":"<p>Na mensagem Urbi et Orbi, a aten\u00e7\u00e3o do Papa Francisco se volta ao mundo marcado por conflitos e restri\u00e7\u00f5es impostas pelo coronav\u00edrus: \u201c\u00c0 luz do Ressuscitado, os nossos sofrimentos s\u00e3o transfigurados. Onde havia morte, agora h\u00e1 vida; onde havia luto, agora h\u00e1 consola\u00e7\u00e3o. Ao abra\u00e7ar a Cruz, Jesus deu sentido aos nossos sofrimentos. Feliz P\u00e1scoa&nbsp;<\/p>\n<p><a class=\"btn btn-style\" href=\"https:\/\/portalcatolico.net\/portal\/papa-em-meio-a-guerras-e-pandemia-o-ressuscitado-e-a-esperanca\/\">Continue Reading<\/a><\/p>\n","protected":false},"author":2,"featured_media":71819,"comment_status":"open","ping_status":"open","sticky":false,"template":"","format":"standard","meta":{"footnotes":""},"categories":[5],"tags":[],"class_list":["post-71818","post","type-post","status-publish","format-standard","has-post-thumbnail","hentry","category-igreja_no_mundo"],"_links":{"self":[{"href":"https:\/\/portalcatolico.net\/portal\/wp-json\/wp\/v2\/posts\/71818","targetHints":{"allow":["GET"]}}],"collection":[{"href":"https:\/\/portalcatolico.net\/portal\/wp-json\/wp\/v2\/posts"}],"about":[{"href":"https:\/\/portalcatolico.net\/portal\/wp-json\/wp\/v2\/types\/post"}],"author":[{"embeddable":true,"href":"https:\/\/portalcatolico.net\/portal\/wp-json\/wp\/v2\/users\/2"}],"replies":[{"embeddable":true,"href":"https:\/\/portalcatolico.net\/portal\/wp-json\/wp\/v2\/comments?post=71818"}],"version-history":[{"count":1,"href":"https:\/\/portalcatolico.net\/portal\/wp-json\/wp\/v2\/posts\/71818\/revisions"}],"predecessor-version":[{"id":71820,"href":"https:\/\/portalcatolico.net\/portal\/wp-json\/wp\/v2\/posts\/71818\/revisions\/71820"}],"wp:featuredmedia":[{"embeddable":true,"href":"https:\/\/portalcatolico.net\/portal\/wp-json\/wp\/v2\/media\/71819"}],"wp:attachment":[{"href":"https:\/\/portalcatolico.net\/portal\/wp-json\/wp\/v2\/media?parent=71818"}],"wp:term":[{"taxonomy":"category","embeddable":true,"href":"https:\/\/portalcatolico.net\/portal\/wp-json\/wp\/v2\/categories?post=71818"},{"taxonomy":"post_tag","embeddable":true,"href":"https:\/\/portalcatolico.net\/portal\/wp-json\/wp\/v2\/tags?post=71818"}],"curies":[{"name":"wp","href":"https:\/\/api.w.org\/{rel}","templated":true}]}}