{"id":71800,"date":"2021-04-03T02:04:57","date_gmt":"2021-04-03T05:04:57","guid":{"rendered":"http:\/\/portalcatolico.net\/portal\/?p=71800"},"modified":"2021-04-02T18:09:39","modified_gmt":"2021-04-02T21:09:39","slug":"rumo-a-58a-ag-cnbb-descubra-o-que-compete-a-uma-assembleia-geral-dos-bispos-do-brasil","status":"publish","type":"post","link":"https:\/\/portalcatolico.net\/portal\/rumo-a-58a-ag-cnbb-descubra-o-que-compete-a-uma-assembleia-geral-dos-bispos-do-brasil\/","title":{"rendered":"RUMO \u00c0 58\u00aa AG CNBB: DESCUBRA O QUE COMPETE \u00c0 UMA ASSEMBLEIA GERAL DOS BISPOS DO BRASIL"},"content":{"rendered":"<div id=\"ImagagemDestacada\" class=\"elementor-element elementor-element-1fe4726 elementor-widget elementor-widget-theme-post-featured-image elementor-widget-image\" data-id=\"1fe4726\" data-element_type=\"widget\" data-widget_type=\"theme-post-featured-image.default\">\n<div class=\"elementor-widget-container\">\n<div class=\"elementor-image\"><img loading=\"lazy\" decoding=\"async\" class=\"attachment-full size-full lazyloaded\" src=\"https:\/\/eadn-wc02-718006.nxedge.io\/cdn\/wp-content\/uploads\/2021\/04\/57a-AG-CNBB-eleicao-nova-presidencia-.jpg\" sizes=\"auto, (max-width: 1023px) 100vw, 1023px\" srcset=\"https:\/\/eadn-wc02-718006.nxedge.io\/cdn\/wp-content\/uploads\/2021\/04\/57a-AG-CNBB-eleicao-nova-presidencia-.jpg 1023w, https:\/\/eadn-wc02-718006.nxedge.io\/cdn\/wp-content\/uploads\/2021\/04\/57a-AG-CNBB-eleicao-nova-presidencia--300x169.jpg 300w, https:\/\/eadn-wc02-718006.nxedge.io\/cdn\/wp-content\/uploads\/2021\/04\/57a-AG-CNBB-eleicao-nova-presidencia--768x432.jpg 768w, https:\/\/eadn-wc02-718006.nxedge.io\/cdn\/wp-content\/uploads\/2021\/04\/57a-AG-CNBB-eleicao-nova-presidencia--500x282.jpg 500w\" alt=\"\" width=\"1023\" height=\"576\" data-ll-status=\"loaded\"><\/div>\n<\/div>\n<\/div>\n<div class=\"elementor-element elementor-element-3a087bd2 elementor-widget elementor-widget-theme-post-content\" data-id=\"3a087bd2\" data-element_type=\"widget\" data-widget_type=\"theme-post-content.default\">\n<div class=\"elementor-widget-container\">\n<figure id=\"attachment_232100\" class=\"wp-caption alignright\" aria-describedby=\"caption-attachment-232100\"><a href=\"http:\/\/www.cnbb.org.br\/assembleias-da-cnbb-reforcam-colegialidade-entre-os-pastores-e-definem-linhas-de-atuacao-no-pais\/centro-de-eventos\/\" rel=\"attachment wp-att-232100\"><img loading=\"lazy\" decoding=\"async\" class=\"wp-image-232100 lazyloaded\" src=\"https:\/\/eadn-wc02-718006.nxedge.io\/cdn\/wp-content\/uploads\/2020\/01\/Centro-de-eventos.jpg\" sizes=\"auto, (max-width: 354px) 100vw, 354px\" srcset=\"https:\/\/eadn-wc02-718006.nxedge.io\/cdn\/wp-content\/uploads\/2020\/01\/Centro-de-eventos.jpg 1024w, https:\/\/eadn-wc02-718006.nxedge.io\/cdn\/wp-content\/uploads\/2020\/01\/Centro-de-eventos-300x169.jpg 300w, https:\/\/eadn-wc02-718006.nxedge.io\/cdn\/wp-content\/uploads\/2020\/01\/Centro-de-eventos-768x432.jpg 768w, https:\/\/eadn-wc02-718006.nxedge.io\/cdn\/wp-content\/uploads\/2020\/01\/Centro-de-eventos-500x281.jpg 500w\" alt=\"\" width=\"354\" height=\"199\" data-ll-status=\"loaded\"><\/a><figcaption id=\"caption-attachment-232100\" class=\"wp-caption-text\">Centro de Eventos Padre V\u00edtor Coelho de Almeira, em Aparecida (SP)<\/figcaption><\/figure>\n<p><span data-contrast=\"none\">Desde 2011, os encontros acontecem no Centro de Eventos Padre Vitor Coelho de Almeida, em Aparecida (SP), e re\u00fanem cardeais, arcebispos, bispos diocesanos e auxiliares, coadjutores, al\u00e9m dos bispos em\u00e9ritos e representantes de organismos e pastorais da Igreja que s\u00e3o convidados.<\/span><\/p>\n<p><span data-contrast=\"none\">Segundo o Estatuto&nbsp;<\/span><span data-contrast=\"none\">Can\u00f4nico e<\/span><span data-contrast=\"none\">&nbsp;o<\/span><span data-contrast=\"none\">&nbsp;Regimento da CNBB<\/span><span data-contrast=\"none\">, a Assembleia Geral \u00e9 o \u201c\u00f3rg\u00e3o supremo da CNBB, express\u00e3o e realiza\u00e7\u00e3o maior do afeto colegial, da comunh\u00e3o e corresponsabilidade dos Pastores da Igreja no Brasil\u201d, e tem a finalidade de realizar os \u201cobjetivos da CNBB, para o bem do povo de Deus\u201d (art. 27). E, para fazer \u201ccrescer a comunh\u00e3o e a participa\u00e7\u00e3o\u201d (art. 28).<\/span><span data-contrast=\"none\">&nbsp;<\/span><\/p>\n<p><span data-contrast=\"none\">Sobre os assuntos abordados nela, o Documento indica que \u201ca Assembleia Geral trata de assuntos pastorais de ordem espiritual e de ordem temporal e os problemas emergentes da vida das pessoas e da sociedade, sempre na&nbsp;<\/span><span data-contrast=\"none\">perspectiva<\/span><span data-contrast=\"none\">&nbsp;da evangeliza\u00e7\u00e3o\u201d (art. 29).&nbsp;<\/span><span data-ccp-props=\"{&quot;201341983&quot;:0,&quot;335551550&quot;:6,&quot;335551620&quot;:6,&quot;335559739&quot;:450,&quot;335559740&quot;:240}\">&nbsp;<\/span><\/p>\n<p><span data-contrast=\"none\">O regimento atribui ainda ao Conselho Permanente, \u00f3rg\u00e3o de orienta\u00e7\u00e3o\u202fe acompanhamento da atua\u00e7\u00e3o da CNBB e dos organismos a ela vinculados,\u202fa incumb\u00eancia de \u201cdeterminar a pauta par<\/span><span data-contrast=\"none\">a a Assembleia Geral\u201d (art. 90)<\/span><span data-contrast=\"none\">.&nbsp;<\/span><span data-contrast=\"none\">Em 2018, por exemplo, a 56\u00aa Assembleia Geral trouxe como tema central\u202f<\/span><span data-contrast=\"none\">\u201cDiretrizes para a Forma\u00e7\u00e3o dos Presb\u00edteros da Igreja no Brasil\u201d.&nbsp;<\/span><span data-contrast=\"none\">Realizada em Aparecida (<\/span><span data-contrast=\"none\">SP), de 10 a 20 de abril de 2018<\/span><span data-contrast=\"none\">, seu texto do tema central percorreu um longo caminho.&nbsp;<\/span><\/p>\n<p>Participam com direito \u00e0 voz e voto todos os bispos na ativa em todas das 278 circunscri\u00e7\u00f5es cat\u00f3licas no Brasil. Os em\u00e9ritos tamb\u00e9m participam sem direito ao voto mas com capacidade de contribuir na reflex\u00e3o sobre a caminhada da Igreja a partir de suas experi\u00eancias.&nbsp; Um levantamento divulgado dia 26 de mar\u00e7o deste ano pelo professor da PUC SP, Fernando Altemeyer Junior, aponta o n\u00famero de 474 bispos cat\u00f3licos vivos, sendo 309 na ativa e 165 em\u00e9ritos.<\/p>\n<p>A cada 4 anos, acontecem as assembleias eletivas, nas quais o episcopado brasileiro escolhe nova presid\u00eancia para a CNBB e para as Comiss\u00f5es Episcopais Pastorais que colaboram no trabalho de evangeliza\u00e7\u00e3o desenvolvido pela entidade.<\/p>\n<p><b><span data-contrast=\"none\">57\u00aa AGCNBB<\/span><\/b><span data-ccp-props=\"{&quot;201341983&quot;:0,&quot;335551550&quot;:6,&quot;335551620&quot;:6,&quot;335559739&quot;:450,&quot;335559740&quot;:240}\">&nbsp;<\/span><\/p>\n<figure id=\"attachment_232101\" class=\"wp-caption alignright\" aria-describedby=\"caption-attachment-232101\"><a href=\"http:\/\/www.cnbb.org.br\/assembleias-da-cnbb-reforcam-colegialidade-entre-os-pastores-e-definem-linhas-de-atuacao-no-pais\/diretrizes-2\/\" rel=\"attachment wp-att-232101\"><img loading=\"lazy\" decoding=\"async\" class=\"wp-image-232101 lazyloaded\" src=\"https:\/\/eadn-wc02-718006.nxedge.io\/cdn\/wp-content\/uploads\/2020\/01\/Diretrizes-1024x683.jpg\" sizes=\"auto, (max-width: 327px) 100vw, 327px\" srcset=\"https:\/\/eadn-wc02-718006.nxedge.io\/cdn\/wp-content\/uploads\/2020\/01\/Diretrizes-1024x683.jpg 1024w, https:\/\/eadn-wc02-718006.nxedge.io\/cdn\/wp-content\/uploads\/2020\/01\/Diretrizes-300x200.jpg 300w, https:\/\/eadn-wc02-718006.nxedge.io\/cdn\/wp-content\/uploads\/2020\/01\/Diretrizes-768x512.jpg 768w, https:\/\/eadn-wc02-718006.nxedge.io\/cdn\/wp-content\/uploads\/2020\/01\/Diretrizes-391x260.jpg 391w, https:\/\/eadn-wc02-718006.nxedge.io\/cdn\/wp-content\/uploads\/2020\/01\/Diretrizes-1536x1025.jpg 1536w, https:\/\/eadn-wc02-718006.nxedge.io\/cdn\/wp-content\/uploads\/2020\/01\/Diretrizes-500x334.jpg 500w, https:\/\/eadn-wc02-718006.nxedge.io\/cdn\/wp-content\/uploads\/2020\/01\/Diretrizes.jpg 1619w\" alt=\"\" width=\"327\" height=\"218\" data-ll-status=\"loaded\"><\/a><figcaption id=\"caption-attachment-232101\" class=\"wp-caption-text\">Documento publicado pela Editora CNBB<\/figcaption><\/figure>\n<p><span data-contrast=\"none\">Em 2019 aconteceu a<\/span><span data-contrast=\"none\">&nbsp;57\u00aa Assembleia Geral (AG) dos Bispos do Brasil<\/span><span data-contrast=\"none\">&nbsp;<\/span><span data-contrast=\"none\">de 1\u00ba a 10 de maio de 2019<\/span><span data-contrast=\"none\">,<\/span><span data-contrast=\"none\">&nbsp;no Centro de Eventos Padre Vitor Coelho de Almeida do Santu<\/span><span data-contrast=\"none\">\u00e1rio Nacional de Aparecida (SP)<\/span><span data-contrast=\"none\">. Na ocasi\u00e3o, a AG teve a tarefa central de atualizar as Diretrizes Gerais da A\u00e7\u00e3o Evangelizadora (DGAE) da Igreja no Brasil para o quadri\u00eanio 2019 a 2023.&nbsp;<\/span><\/p>\n<p><span data-contrast=\"none\">E<\/span><span data-contrast=\"none\">struturadas a partir da concep\u00e7\u00e3o da Igreja como \u201cComunidade Eclesial Mission\u00e1ria\u201d,&nbsp;<\/span><span data-contrast=\"none\">as Diretrizes&nbsp;<\/span><span data-contrast=\"none\">aprovadas&nbsp;<\/span><span data-contrast=\"none\">convida<\/span><span data-contrast=\"none\">m<\/span><span data-contrast=\"none\">&nbsp;todas as comunidades de f\u00e9 a abra\u00e7arem e vivenciarem a miss\u00e3o como escola de santidade.\u202f<\/span><\/p>\n<p><span data-contrast=\"none\">Na apresenta\u00e7\u00e3o da publica\u00e7\u00e3o, a presid\u00eancia da CNBB ressalta que as diretrizes s\u00e3o o caminho encontrado para responder aos desafios do Brasil, \u201cum pa\u00eds que, na segunda d\u00e9cada deste s\u00e9culo XXI, experimenta grandes transforma\u00e7\u00f5es em todos os sentidos\u201d. A introdu\u00e7\u00e3o da publica\u00e7\u00e3o defende que as diretrizes constituem uma das express\u00f5es mais significativas da colegialidade e da&nbsp;<\/span><span data-contrast=\"none\">missionariedade<\/span><span data-contrast=\"none\">&nbsp;da Igreja no Brasil.&nbsp;<\/span><span data-contrast=\"none\">&nbsp;<\/span><\/p>\n<p><b><span data-contrast=\"none\">Especificidades da 58\u00aa AGCNBB<\/span><\/b><span data-ccp-props=\"{&quot;201341983&quot;:0,&quot;335551550&quot;:6,&quot;335551620&quot;:6,&quot;335559739&quot;:200,&quot;335559740&quot;:240}\">&nbsp;<\/span><\/p>\n<p>A 58\u00aa Assembleia Geral do episcopado brasileiro pela primeira vez ser\u00e1 realizada em um formato virtual, de 12 a 16 de abril com atividades nos per\u00edodos de manh\u00e3 e tarde.&nbsp;O tema central diz respeito ao Pilar da Palavra proposto pelas Diretrizes Gerais da A\u00e7\u00e3o Evangelizadora da Igreja no Brasil (DGAE 2019-2023). Mesmo sem a possibilidade de vota\u00e7\u00e3o de um documento, ser\u00e1 debatido o tema \u201c<em>Casas da Palavra \u2013 Anima\u00e7\u00e3o b\u00edblica da vida e da pastoral nas comunidades eclesiais mission\u00e1rias<\/em>\u201d e tamb\u00e9m diversos outros assuntos relacionados \u00e0 atua\u00e7\u00e3o da Igreja Cat\u00f3lica no Brasil.<\/p>\n<figure id=\"attachment_232103\" class=\"wp-caption alignleft\" aria-describedby=\"caption-attachment-232103\"><a href=\"http:\/\/www.cnbb.org.br\/assembleias-da-cnbb-reforcam-colegialidade-entre-os-pastores-e-definem-linhas-de-atuacao-no-pais\/dom-joel-2\/\" rel=\"attachment wp-att-232103\"><img loading=\"lazy\" decoding=\"async\" class=\"wp-image-232103 lazyloaded\" src=\"https:\/\/eadn-wc02-718006.nxedge.io\/cdn\/wp-content\/uploads\/2020\/01\/Dom-Joel.jpg\" sizes=\"auto, (max-width: 355px) 100vw, 355px\" srcset=\"https:\/\/eadn-wc02-718006.nxedge.io\/cdn\/wp-content\/uploads\/2020\/01\/Dom-Joel.jpg 1024w, https:\/\/eadn-wc02-718006.nxedge.io\/cdn\/wp-content\/uploads\/2020\/01\/Dom-Joel-300x169.jpg 300w, https:\/\/eadn-wc02-718006.nxedge.io\/cdn\/wp-content\/uploads\/2020\/01\/Dom-Joel-768x433.jpg 768w, https:\/\/eadn-wc02-718006.nxedge.io\/cdn\/wp-content\/uploads\/2020\/01\/Dom-Joel-500x282.jpg 500w\" alt=\"\" width=\"355\" height=\"200\" data-ll-status=\"loaded\"><\/a><figcaption id=\"caption-attachment-232103\" class=\"wp-caption-text\">Dom Joel Portella Amado, secret\u00e1rio-geral da CNBB<\/figcaption><\/figure>\n<p><span data-contrast=\"none\">O bispo auxiliar do Rio de Janeiro e secret\u00e1rio-geral da CNBB, dom Joel Portella Amado,&nbsp;<\/span><span data-contrast=\"none\">afirma que a&nbsp;<\/span><span data-contrast=\"none\">proposta&nbsp;<\/span><span data-contrast=\"none\">do tema n\u00e3o \u00e9 fazer um estudo&nbsp;<\/span><span data-contrast=\"none\">te\u00f3rico,<\/span><span data-contrast=\"none\">&nbsp;pois para a Igreja<\/span><span data-contrast=\"none\">,<\/span><span data-contrast=\"none\">&nbsp;a teoria&nbsp;<\/span><span data-contrast=\"none\">j\u00e1&nbsp;<\/span><span data-contrast=\"none\">est\u00e1 muito clara. \u201c<\/span><em>N\u00e3o d\u00e1 para ser crist\u00e3o sem a Palavra de Deus. O problema \u00e9 o&nbsp;como!<\/em><span data-contrast=\"none\">\u201d<\/span><span data-contrast=\"none\">, disse<\/span><span data-contrast=\"none\">.&nbsp;<\/span><\/p>\n<p>Dom Joel enumera as dificuldades quanto ao formato virtual. A primeira delas, segundo o bispo, diz respeito \u00e0s vota\u00e7\u00f5es. Ele explica que a legisla\u00e7\u00e3o can\u00f4nica geral e a legisla\u00e7\u00e3o pr\u00f3pria da Confer\u00eancia da CNBB, n\u00e3o permitem que se realize vota\u00e7\u00f5es de modo virtual.&nbsp;\u201cN\u00e3o se garante, por exemplo, o sigilo e em algumas situa\u00e7\u00f5es, como o tema central, n\u00e3o h\u00e1 possibilidade de debater, replicar, apresentar emendas e sustentar ideias diante do plen\u00e1rio\u201d, aponta.<\/p>\n<p>Frente a esse limite, dom Joel explica que a presid\u00eancia da CNBB, ouvindo a Comiss\u00e3o de canonistas e seu Conselho Permanente, optou por realizar uma Assembleia sem vota\u00e7\u00f5es que impliquem altera\u00e7\u00f5es ou consequ\u00eancias de natureza legislativa para a Confer\u00eancia. Por outro lado, ele destaca que as vota\u00e7\u00f5es de natureza pastoral poder\u00e3o ocorrer, como acontece normalmente sobre as mensagens que a Confer\u00eancia envia ao povo brasileiro. Uma outra dificuldade \u00e9 quanto a realiza\u00e7\u00e3o das reuni\u00f5es reservadas das quais participam apenas os bispos.<\/p>\n<p><span data-contrast=\"none\">Por isso<\/span><span data-contrast=\"none\">,<\/span><span data-contrast=\"none\">&nbsp;a ideia \u00e9 que na 58\u00aa Assembleia Geral seja produzido um documento com&nbsp;<\/span><span data-contrast=\"none\">ajuda para as dioceses levarem adiante a anima\u00e7\u00e3o b\u00edblica da vida e da pastoral.&nbsp;<\/span><span data-contrast=\"none\">Entre as perguntas que o Documento buscar\u00e1 responder est\u00e1 a quest\u00e3o&nbsp;<\/span><span data-contrast=\"none\">dos problemas enfrentados hoje&nbsp;<\/span><span data-contrast=\"none\">quando se&nbsp;<\/span><span data-contrast=\"none\">lida com a Palavra de Deus; como a Leitura&nbsp;<\/span><span data-contrast=\"none\">Orante<\/span><span data-contrast=\"none\">&nbsp;pode ser utilizada na vida pessoal e comunit\u00e1ria, entre outras. \u201c<\/span><em>Nossa proposta \u00e9 que seja um material pequeno, de linguagem, conte\u00fado&nbsp;e custo acess\u00edvel<\/em><span data-contrast=\"none\">\u201d, finaliza dom Joel<\/span><span data-contrast=\"none\">.<\/span><span data-ccp-props=\"{&quot;201341983&quot;:0,&quot;335551550&quot;:6,&quot;335551620&quot;:6,&quot;335559739&quot;:200,&quot;335559740&quot;:240}\">&nbsp; Com informa\u00e7\u00f5es e fotos: CNBB<\/span><\/p>\n<p>&nbsp;<\/p>\n<\/div>\n<\/div>\n","protected":false},"excerpt":{"rendered":"<p>Centro de Eventos Padre V\u00edtor Coelho de Almeira, em Aparecida (SP) Desde 2011, os encontros acontecem no Centro de Eventos Padre Vitor Coelho de Almeida, em Aparecida (SP), e re\u00fanem cardeais, arcebispos, bispos diocesanos e auxiliares, coadjutores, al\u00e9m dos bispos em\u00e9ritos e representantes de organismos e pastorais da Igreja que s\u00e3o convidados. Segundo o Estatuto&nbsp;Can\u00f4nico&nbsp;<\/p>\n<p><a class=\"btn btn-style\" href=\"https:\/\/portalcatolico.net\/portal\/rumo-a-58a-ag-cnbb-descubra-o-que-compete-a-uma-assembleia-geral-dos-bispos-do-brasil\/\">Continue Reading<\/a><\/p>\n","protected":false},"author":2,"featured_media":71801,"comment_status":"open","ping_status":"open","sticky":false,"template":"","format":"standard","meta":{"footnotes":""},"categories":[3],"tags":[],"class_list":["post-71800","post","type-post","status-publish","format-standard","has-post-thumbnail","hentry","category-noticias_regionais"],"_links":{"self":[{"href":"https:\/\/portalcatolico.net\/portal\/wp-json\/wp\/v2\/posts\/71800","targetHints":{"allow":["GET"]}}],"collection":[{"href":"https:\/\/portalcatolico.net\/portal\/wp-json\/wp\/v2\/posts"}],"about":[{"href":"https:\/\/portalcatolico.net\/portal\/wp-json\/wp\/v2\/types\/post"}],"author":[{"embeddable":true,"href":"https:\/\/portalcatolico.net\/portal\/wp-json\/wp\/v2\/users\/2"}],"replies":[{"embeddable":true,"href":"https:\/\/portalcatolico.net\/portal\/wp-json\/wp\/v2\/comments?post=71800"}],"version-history":[{"count":1,"href":"https:\/\/portalcatolico.net\/portal\/wp-json\/wp\/v2\/posts\/71800\/revisions"}],"predecessor-version":[{"id":71802,"href":"https:\/\/portalcatolico.net\/portal\/wp-json\/wp\/v2\/posts\/71800\/revisions\/71802"}],"wp:featuredmedia":[{"embeddable":true,"href":"https:\/\/portalcatolico.net\/portal\/wp-json\/wp\/v2\/media\/71801"}],"wp:attachment":[{"href":"https:\/\/portalcatolico.net\/portal\/wp-json\/wp\/v2\/media?parent=71800"}],"wp:term":[{"taxonomy":"category","embeddable":true,"href":"https:\/\/portalcatolico.net\/portal\/wp-json\/wp\/v2\/categories?post=71800"},{"taxonomy":"post_tag","embeddable":true,"href":"https:\/\/portalcatolico.net\/portal\/wp-json\/wp\/v2\/tags?post=71800"}],"curies":[{"name":"wp","href":"https:\/\/api.w.org\/{rel}","templated":true}]}}