{"id":71773,"date":"2021-04-03T00:33:54","date_gmt":"2021-04-03T03:33:54","guid":{"rendered":"http:\/\/portalcatolico.net\/portal\/?p=71773"},"modified":"2021-04-01T14:40:47","modified_gmt":"2021-04-01T17:40:47","slug":"entenda-o-que-a-igreja-celebra-no-domingo-da-semana-santa","status":"publish","type":"post","link":"https:\/\/portalcatolico.net\/portal\/entenda-o-que-a-igreja-celebra-no-domingo-da-semana-santa\/","title":{"rendered":"Entenda o que a Igreja celebra no Domingo da Semana Santa"},"content":{"rendered":"<p style=\"font-weight: 400;\">Se todo o domingo \u00e9 a comemora\u00e7\u00e3o da ressurrei\u00e7\u00e3o de Cristo, de uma forma particular, no domingo de P\u00e1scoa comemoramos a sua P\u00e1scoa, a passagem da morte do Senhor para a vida. \u00c9 a festa das festas, na express\u00e3o de S\u00e3o Greg\u00f3rio de Nazianzo. Esta \u00e9 a mais importante do ano lit\u00fargico, aquela que d\u00e1 sentido pleno, porque celebramos a ressurrei\u00e7\u00e3o de Jesus. \u00c9 uma festa de luz; o Senhor ressuscitado nos ilumina, coloca em nossos cora\u00e7\u00f5es uma imensa alegria, uma imensa esperan\u00e7a, e nos enche tamb\u00e9m de amor. A mensagem central \u00e9: Cristo ressuscitou dos mortos. Cristo n\u00e3o est\u00e1 mais no sepulcro, mas Ele est\u00e1 vivo e caminha com os seus disc\u00edpulos e est\u00e1 no meio de n\u00f3s. \u00c9 o eterno vivente. Esta \u00e9 a novidade que Deus nos d\u00e1 no seu Filho Jesus Cristo.&nbsp;<\/p>\n<p style=\"font-weight: 400;\">N\u00f3s comemos e bebemos com ele ap\u00f3s a sua ressurrei\u00e7\u00e3o dentre os mortos. O Pai ressuscitou Jesus dos mortos. O Senhor venceu a morte tornando-se o Juiz e Senhor dos vivos e dos mortos. A morte n\u00e3o possui mais sentido nele. A ressurrei\u00e7\u00e3o mostra a unicidade da pessoa de Cristo; o mesmo que morreu sobre a cruz, \u00e9 o ressuscitado. Com a ressurrei\u00e7\u00e3o, Cristo n\u00e3o est\u00e1 mais sujeito \u00e0 morte e \u00e0 corrup\u00e7\u00e3o do corpo. Ele agora vive para sempre, como Ele o era antes da encarna\u00e7\u00e3o. \u00c9 o Deus da vida, na qual acreditamos com muita alegria no cora\u00e7\u00e3o, como Ele tinha dito; Eu sou o caminho, a verdade e a vida, a ressurrei\u00e7\u00e3o. Quem acredita nele n\u00e3o ver\u00e1 jamais a morte.&nbsp;<\/p>\n<p style=\"font-weight: 400;\">&nbsp;A ressurrei\u00e7\u00e3o de Jesus mostra como \u00e9 a nova realidade; cheia de gra\u00e7a e de vida nova. Jesus retomou novamente a vida, s\u00f3 que agora na dimens\u00e3o divina. A ressurrei\u00e7\u00e3o revela o sentido de sua paix\u00e3o, mostrando todo o seu valor, que a paix\u00e3o n\u00e3o foi uma derrota, mas uma vit\u00f3ria, a vit\u00f3ria do amor. O bom pastor d\u00e1 a vida pelas ovelhas. O maior amor \u00e9 aquele de dar a vida pelos amigos. Ele obteve a vida nova que n\u00e3o \u00e9 aquela terrena.&nbsp;<\/p>\n<p style=\"font-weight: 400;\">Nesta p\u00e1scoa a equipe deste Portal de Not\u00edcias, quer desejar a todo o povo de Deus, aos trabalhadores da sa\u00fade, a toda a Igreja, ao Papa Francisco, aos desempregados, moradores de rua, aos doentes da Pandemia e de outras doen\u00e7as, pessoas necessitadas, aos ministros consagrados, a todas as fam\u00edlias, no sentido de desejar a todos uma feliz p\u00e1scoa. O momento \u00e9 de solidariedade. Feliz P\u00e1scoa, Cristo ressuscitou dos mortos, aleluia!&nbsp;&nbsp;<\/p>\n","protected":false},"excerpt":{"rendered":"<p>Se todo o domingo \u00e9 a comemora\u00e7\u00e3o da ressurrei\u00e7\u00e3o de Cristo, de uma forma particular, no domingo de P\u00e1scoa comemoramos a sua P\u00e1scoa, a passagem da morte do Senhor para a vida. \u00c9 a festa das festas, na express\u00e3o de S\u00e3o Greg\u00f3rio de Nazianzo. Esta \u00e9 a mais importante do ano lit\u00fargico, aquela que d\u00e1&nbsp;<\/p>\n<p><a class=\"btn btn-style\" href=\"https:\/\/portalcatolico.net\/portal\/entenda-o-que-a-igreja-celebra-no-domingo-da-semana-santa\/\">Continue Reading<\/a><\/p>\n","protected":false},"author":2,"featured_media":71775,"comment_status":"open","ping_status":"open","sticky":false,"template":"","format":"standard","meta":{"footnotes":""},"categories":[4],"tags":[],"class_list":["post-71773","post","type-post","status-publish","format-standard","has-post-thumbnail","hentry","category-destaques"],"_links":{"self":[{"href":"https:\/\/portalcatolico.net\/portal\/wp-json\/wp\/v2\/posts\/71773","targetHints":{"allow":["GET"]}}],"collection":[{"href":"https:\/\/portalcatolico.net\/portal\/wp-json\/wp\/v2\/posts"}],"about":[{"href":"https:\/\/portalcatolico.net\/portal\/wp-json\/wp\/v2\/types\/post"}],"author":[{"embeddable":true,"href":"https:\/\/portalcatolico.net\/portal\/wp-json\/wp\/v2\/users\/2"}],"replies":[{"embeddable":true,"href":"https:\/\/portalcatolico.net\/portal\/wp-json\/wp\/v2\/comments?post=71773"}],"version-history":[{"count":1,"href":"https:\/\/portalcatolico.net\/portal\/wp-json\/wp\/v2\/posts\/71773\/revisions"}],"predecessor-version":[{"id":71774,"href":"https:\/\/portalcatolico.net\/portal\/wp-json\/wp\/v2\/posts\/71773\/revisions\/71774"}],"wp:featuredmedia":[{"embeddable":true,"href":"https:\/\/portalcatolico.net\/portal\/wp-json\/wp\/v2\/media\/71775"}],"wp:attachment":[{"href":"https:\/\/portalcatolico.net\/portal\/wp-json\/wp\/v2\/media?parent=71773"}],"wp:term":[{"taxonomy":"category","embeddable":true,"href":"https:\/\/portalcatolico.net\/portal\/wp-json\/wp\/v2\/categories?post=71773"},{"taxonomy":"post_tag","embeddable":true,"href":"https:\/\/portalcatolico.net\/portal\/wp-json\/wp\/v2\/tags?post=71773"}],"curies":[{"name":"wp","href":"https:\/\/api.w.org\/{rel}","templated":true}]}}