{"id":71417,"date":"2021-02-24T19:50:16","date_gmt":"2021-02-24T22:50:16","guid":{"rendered":"http:\/\/portalcatolico.net\/portal\/?p=71417"},"modified":"2021-02-24T19:50:16","modified_gmt":"2021-02-24T22:50:16","slug":"decreto-suspende-presenca-de-fieis-em-celebracoes-religiosas","status":"publish","type":"post","link":"https:\/\/portalcatolico.net\/portal\/decreto-suspende-presenca-de-fieis-em-celebracoes-religiosas\/","title":{"rendered":"Decreto suspende presen\u00e7a de fieis em celebra\u00e7\u00f5es religiosas"},"content":{"rendered":"<p>O Governo do Estado decidiu prorrogar at\u00e9 28 de fevereiro o decreto n\u00ba 19.586, que venceria no pr\u00f3ximo domingo (21). Com isso, a Prefeitura Municipal de Itabuna decidiu seguir as normas do governo. Ou seja, independente do n\u00famero de pessoas, ficam suspensos os eventos e atividades religiosas.&nbsp;&nbsp;<\/p>\n<p>Cerim\u00f4nias de casamento, por exemplo,&nbsp;&nbsp;n\u00e3o podem ser realizadas at\u00e9 o cumprimento do decreto, dia 28 de fevereiro.&nbsp;<\/p>\n<p>Quem quiser acompanhar as missas, devem acompanhar as redes sociais das par\u00f3quias.&nbsp;<\/p>\n<p>Foto: Arcevo\/Portal Cat\u00f3lico<\/p>\n","protected":false},"excerpt":{"rendered":"<p>O Governo do Estado decidiu prorrogar at\u00e9 28 de fevereiro o decreto n\u00ba 19.586, que venceria no pr\u00f3ximo domingo (21). Com isso, a Prefeitura Municipal de Itabuna decidiu seguir as normas do governo. Ou seja, independente do n\u00famero de pessoas, ficam suspensos os eventos e atividades religiosas.&nbsp;&nbsp; Cerim\u00f4nias de casamento, por exemplo,&nbsp;&nbsp;n\u00e3o podem ser realizadas&nbsp;<\/p>\n<p><a class=\"btn btn-style\" href=\"https:\/\/portalcatolico.net\/portal\/decreto-suspende-presenca-de-fieis-em-celebracoes-religiosas\/\">Continue Reading<\/a><\/p>\n","protected":false},"author":2,"featured_media":71418,"comment_status":"open","ping_status":"open","sticky":false,"template":"","format":"standard","meta":{"footnotes":""},"categories":[4],"tags":[],"class_list":["post-71417","post","type-post","status-publish","format-standard","has-post-thumbnail","hentry","category-destaques"],"_links":{"self":[{"href":"https:\/\/portalcatolico.net\/portal\/wp-json\/wp\/v2\/posts\/71417","targetHints":{"allow":["GET"]}}],"collection":[{"href":"https:\/\/portalcatolico.net\/portal\/wp-json\/wp\/v2\/posts"}],"about":[{"href":"https:\/\/portalcatolico.net\/portal\/wp-json\/wp\/v2\/types\/post"}],"author":[{"embeddable":true,"href":"https:\/\/portalcatolico.net\/portal\/wp-json\/wp\/v2\/users\/2"}],"replies":[{"embeddable":true,"href":"https:\/\/portalcatolico.net\/portal\/wp-json\/wp\/v2\/comments?post=71417"}],"version-history":[{"count":1,"href":"https:\/\/portalcatolico.net\/portal\/wp-json\/wp\/v2\/posts\/71417\/revisions"}],"predecessor-version":[{"id":71419,"href":"https:\/\/portalcatolico.net\/portal\/wp-json\/wp\/v2\/posts\/71417\/revisions\/71419"}],"wp:featuredmedia":[{"embeddable":true,"href":"https:\/\/portalcatolico.net\/portal\/wp-json\/wp\/v2\/media\/71418"}],"wp:attachment":[{"href":"https:\/\/portalcatolico.net\/portal\/wp-json\/wp\/v2\/media?parent=71417"}],"wp:term":[{"taxonomy":"category","embeddable":true,"href":"https:\/\/portalcatolico.net\/portal\/wp-json\/wp\/v2\/categories?post=71417"},{"taxonomy":"post_tag","embeddable":true,"href":"https:\/\/portalcatolico.net\/portal\/wp-json\/wp\/v2\/tags?post=71417"}],"curies":[{"name":"wp","href":"https:\/\/api.w.org\/{rel}","templated":true}]}}