{"id":71388,"date":"2021-02-21T20:15:50","date_gmt":"2021-02-21T23:15:50","guid":{"rendered":"http:\/\/portalcatolico.net\/portal\/?p=71388"},"modified":"2021-02-21T20:15:50","modified_gmt":"2021-02-21T23:15:50","slug":"cardeal-gambetti-e-o-novo-vigario-do-papa-para-a-cidade-do-vaticano","status":"publish","type":"post","link":"https:\/\/portalcatolico.net\/portal\/cardeal-gambetti-e-o-novo-vigario-do-papa-para-a-cidade-do-vaticano\/","title":{"rendered":"Cardeal Gambetti \u00e9 o novo vig\u00e1rio do Papa para a Cidade do Vaticano"},"content":{"rendered":"<div class=\"article__subTitle\">J\u00e1 cust\u00f3dio do Sagrado Convento de Assis, o purpurado italiano substitui o cardeal Angelo Comastri por causa do limite de idade, inclusive assumindo como arcipreste da Bas\u00edlica do Vaticano e presidente da F\u00e1brica de S\u00e3o Pedro.<\/div>\n<div>&nbsp;<\/div>\n<div>O estilo mariano e aquele da &#8220;lavagem dos p\u00e9s&#8221;. A altern\u00e2ncia no Vaticano entre o cardeal Angelo Comastri, de 77 anos, e o cardeal Mauro Gambetti, de 55, \u00e9 tamb\u00e9m a sucess\u00e3o de uma experi\u00eancia espiritual entre dois homens profundamente marcados por seus respectivos percursos sacerdotais e pastorais. No dia formal de despedida, n\u00e3o se pode deixar de lembrar o cardeal Comastri, entre muitas outras coisas, a recorda\u00e7\u00e3o de quando rezou o ter\u00e7o na Bas\u00edlica de S\u00e3o Pedro e era seguido por milhares de fi\u00e9is, com uma a percep\u00e7\u00e3o quase f\u00edsica de uma devo\u00e7\u00e3o que invoca de Nossa Senhora uma esperan\u00e7a mais forte que o &#8220;mar tempestuoso da pandemia&#8221;.<\/div>\n<div class=\"title__separator\">\n<p>No momento da sua chegada como vig\u00e1rio do Papa para a Cidade do Vaticano, o que precede o cardeal Gambetti \u00e9 o desejo declarado, no momento do \u00faltimo Consist\u00f3rio, de viver &#8220;com esp\u00edrito de minoria&#8221;, ou seja, de fraternidade, a servi\u00e7o de Francisco &#8211; o Pont\u00edfice que leva o nome do Santo que desde o in\u00edcio inspirou e orientou a vida de &#8220;Frei Mauro&#8221; a ponto de lev\u00e1-lo \u00e0 cust\u00f3dia da Bas\u00edlica de Assis.<\/p>\n<p>O cardeal que est\u00e1 assumindo, entre outros, o papel de presidente da F\u00e1brica de S\u00e3o Pedro tamb\u00e9m \u00e9 formado em Engenharia Mec\u00e2nica em Bolonha. O caminho para o h\u00e1bito dos Menores Conventuais come\u00e7ou aos 27 anos, professando em 1998. Em 2000, entrou no sacerd\u00f3cio, uma d\u00e9cada de servi\u00e7o em v\u00e1rios cargos, at\u00e9 que, em 2009, Frei Mauro foi eleito Ministro Provincial para a \u00e1rea de Emilia Romagna, na It\u00e1lia, seguido, em fevereiro de 2013, a sua nomea\u00e7\u00e3o como cust\u00f3dio geral do Sagrado Convento de Assis. No final do primeiro mandato de quatro anos, em 2017, ele foi confirmado para um segundo mandato, que termina em 31 de outubro de 2020. Seis dias antes, no Angelus de 25 de outubro, Frei Mauro soube da decis\u00e3o do Papa de cri\u00e1-lo cardeal, que ocorreu no Consist\u00f3rio de 28 de novembro, evento precedido em 22 de novembro pela consagra\u00e7\u00e3o episcopal.<\/p>\n<p>A heran\u00e7a que o cardeal Comastri deixa est\u00e1 nos 15 anos de minist\u00e9rio \u00e0 frente da &#8220;par\u00f3quia do mundo&#8221;, a Bas\u00edlica de S\u00e3o Pedro, para a qual transferiu &#8211; chamado como seu vig\u00e1rio no Vaticano por Jo\u00e3o Paulo II em 2005 &#8211; toda a experi\u00eancia que viveu desde 96 como arcebispo prelado do Santu\u00e1rio de Loreto. Da casa de Nazar\u00e9 \u00e0 do Papa, para preparar as multid\u00f5es de visitantes, como disse em uma antiga entrevista, a se sentir mais pessoas de f\u00e9 do que simples turistas. Uma tarefa que, com o an\u00e1logo background adquirido na Bas\u00edlica de Assis, passa agora para as m\u00e3os do cardeal Gambetti.<\/p>\n<\/div>\n<div class=\"article__text \">\n<p><b>Por:Alessandro De Carolis \/Vatican News<\/b><\/p>\n<\/div>\n","protected":false},"excerpt":{"rendered":"<p>J\u00e1 cust\u00f3dio do Sagrado Convento de Assis, o purpurado italiano substitui o cardeal Angelo Comastri por causa do limite de idade, inclusive assumindo como arcipreste da Bas\u00edlica do Vaticano e presidente da F\u00e1brica de S\u00e3o Pedro. &nbsp; O estilo mariano e aquele da &#8220;lavagem dos p\u00e9s&#8221;. A altern\u00e2ncia no Vaticano entre o cardeal Angelo Comastri,&nbsp;<\/p>\n<p><a class=\"btn btn-style\" href=\"https:\/\/portalcatolico.net\/portal\/cardeal-gambetti-e-o-novo-vigario-do-papa-para-a-cidade-do-vaticano\/\">Continue Reading<\/a><\/p>\n","protected":false},"author":2,"featured_media":71389,"comment_status":"open","ping_status":"open","sticky":false,"template":"","format":"standard","meta":{"footnotes":""},"categories":[5],"tags":[],"class_list":["post-71388","post","type-post","status-publish","format-standard","has-post-thumbnail","hentry","category-igreja_no_mundo"],"_links":{"self":[{"href":"https:\/\/portalcatolico.net\/portal\/wp-json\/wp\/v2\/posts\/71388","targetHints":{"allow":["GET"]}}],"collection":[{"href":"https:\/\/portalcatolico.net\/portal\/wp-json\/wp\/v2\/posts"}],"about":[{"href":"https:\/\/portalcatolico.net\/portal\/wp-json\/wp\/v2\/types\/post"}],"author":[{"embeddable":true,"href":"https:\/\/portalcatolico.net\/portal\/wp-json\/wp\/v2\/users\/2"}],"replies":[{"embeddable":true,"href":"https:\/\/portalcatolico.net\/portal\/wp-json\/wp\/v2\/comments?post=71388"}],"version-history":[{"count":1,"href":"https:\/\/portalcatolico.net\/portal\/wp-json\/wp\/v2\/posts\/71388\/revisions"}],"predecessor-version":[{"id":71390,"href":"https:\/\/portalcatolico.net\/portal\/wp-json\/wp\/v2\/posts\/71388\/revisions\/71390"}],"wp:featuredmedia":[{"embeddable":true,"href":"https:\/\/portalcatolico.net\/portal\/wp-json\/wp\/v2\/media\/71389"}],"wp:attachment":[{"href":"https:\/\/portalcatolico.net\/portal\/wp-json\/wp\/v2\/media?parent=71388"}],"wp:term":[{"taxonomy":"category","embeddable":true,"href":"https:\/\/portalcatolico.net\/portal\/wp-json\/wp\/v2\/categories?post=71388"},{"taxonomy":"post_tag","embeddable":true,"href":"https:\/\/portalcatolico.net\/portal\/wp-json\/wp\/v2\/tags?post=71388"}],"curies":[{"name":"wp","href":"https:\/\/api.w.org\/{rel}","templated":true}]}}