{"id":71385,"date":"2021-02-22T00:06:46","date_gmt":"2021-02-22T03:06:46","guid":{"rendered":"http:\/\/portalcatolico.net\/portal\/?p=71385"},"modified":"2021-02-21T10:07:03","modified_gmt":"2021-02-21T13:07:03","slug":"em-marco-a-diocese-de-jequie-celebra-a-posse-canonica-de-dom-paulo-romeu","status":"publish","type":"post","link":"https:\/\/portalcatolico.net\/portal\/em-marco-a-diocese-de-jequie-celebra-a-posse-canonica-de-dom-paulo-romeu\/","title":{"rendered":"Em mar\u00e7o, a Diocese de Jequi\u00e9 celebra a Posse Can\u00f4nica de Dom Paulo Romeu!"},"content":{"rendered":"<div>A Diocese de Jequi\u00e9 tem a alegria de convidar a todos para a solene Celebra\u00e7\u00e3o Eucar\u00edstica da Posse Can\u00f4nica de Dom Paulo Romeu Dantas Bastos. A posse acontecer\u00e1 no dia 19 de mar\u00e7o, a partir das 8h, durante uma santa missa na Catedral de Santo Ant\u00f4nio de Jequi\u00e9(BA).<\/div>\n<p>Acompanhe este momento especial, pelas redes sociais da par\u00f3quia, tanto no Youtube (<a href=\"https:\/\/www.youtube.com\/channel\/UCNaF_mU_gtoPmS4EreEy2XQ\"><strong>diocesedejequieoficial<\/strong><\/a>), quanto no Facebook (facebook.com\/mitrajequie).<\/p>\n<p>Foto: Reprodu\u00e7\u00e3o\/Internet<\/p>\n","protected":false},"excerpt":{"rendered":"<p>A Diocese de Jequi\u00e9 tem a alegria de convidar a todos para a solene Celebra\u00e7\u00e3o Eucar\u00edstica da Posse Can\u00f4nica de Dom Paulo Romeu Dantas Bastos. A posse acontecer\u00e1 no dia 19 de mar\u00e7o, a partir das 8h, durante uma santa missa na Catedral de Santo Ant\u00f4nio de Jequi\u00e9(BA). Acompanhe este momento especial, pelas redes sociais&nbsp;<\/p>\n<p><a class=\"btn btn-style\" href=\"https:\/\/portalcatolico.net\/portal\/em-marco-a-diocese-de-jequie-celebra-a-posse-canonica-de-dom-paulo-romeu\/\">Continue Reading<\/a><\/p>\n","protected":false},"author":2,"featured_media":71386,"comment_status":"open","ping_status":"open","sticky":false,"template":"","format":"standard","meta":{"footnotes":""},"categories":[1],"tags":[],"class_list":["post-71385","post","type-post","status-publish","format-standard","has-post-thumbnail","hentry","category-agenda"],"_links":{"self":[{"href":"https:\/\/portalcatolico.net\/portal\/wp-json\/wp\/v2\/posts\/71385","targetHints":{"allow":["GET"]}}],"collection":[{"href":"https:\/\/portalcatolico.net\/portal\/wp-json\/wp\/v2\/posts"}],"about":[{"href":"https:\/\/portalcatolico.net\/portal\/wp-json\/wp\/v2\/types\/post"}],"author":[{"embeddable":true,"href":"https:\/\/portalcatolico.net\/portal\/wp-json\/wp\/v2\/users\/2"}],"replies":[{"embeddable":true,"href":"https:\/\/portalcatolico.net\/portal\/wp-json\/wp\/v2\/comments?post=71385"}],"version-history":[{"count":1,"href":"https:\/\/portalcatolico.net\/portal\/wp-json\/wp\/v2\/posts\/71385\/revisions"}],"predecessor-version":[{"id":71387,"href":"https:\/\/portalcatolico.net\/portal\/wp-json\/wp\/v2\/posts\/71385\/revisions\/71387"}],"wp:featuredmedia":[{"embeddable":true,"href":"https:\/\/portalcatolico.net\/portal\/wp-json\/wp\/v2\/media\/71386"}],"wp:attachment":[{"href":"https:\/\/portalcatolico.net\/portal\/wp-json\/wp\/v2\/media?parent=71385"}],"wp:term":[{"taxonomy":"category","embeddable":true,"href":"https:\/\/portalcatolico.net\/portal\/wp-json\/wp\/v2\/categories?post=71385"},{"taxonomy":"post_tag","embeddable":true,"href":"https:\/\/portalcatolico.net\/portal\/wp-json\/wp\/v2\/tags?post=71385"}],"curies":[{"name":"wp","href":"https:\/\/api.w.org\/{rel}","templated":true}]}}