{"id":71286,"date":"2021-02-05T23:20:04","date_gmt":"2021-02-06T02:20:04","guid":{"rendered":"http:\/\/portalcatolico.net\/portal\/?p=71286"},"modified":"2021-02-05T23:20:04","modified_gmt":"2021-02-06T02:20:04","slug":"arquidiocese-de-salvador-acolhera-dois-novos-bispos-auxiliares","status":"publish","type":"post","link":"https:\/\/portalcatolico.net\/portal\/arquidiocese-de-salvador-acolhera-dois-novos-bispos-auxiliares\/","title":{"rendered":"Arquidiocese de Salvador acolher\u00e1 dois novos bispos auxiliares"},"content":{"rendered":"<p><em>Nomeados pelo Papa Francisco, Dom Dorival e Dom Valter ser\u00e3o apresentados aos fi\u00e9is da primeira Igreja no Brasil no dia 6 de fevereiro<\/em><\/p>\n<figure id=\"attachment_103611\" class=\"wp-caption aligncenter\" style=\"width: 268px;\" aria-describedby=\"caption-attachment-103611\"><a href=\"https:\/\/cdn.arquidiocesesalvador.org.br\/wp-content\/uploads\/2021\/01\/PSX_20210104_024001.jpg\"><img loading=\"lazy\" decoding=\"async\" class=\" wp-image-103611\" src=\"https:\/\/cdn.arquidiocesesalvador.org.br\/wp-content\/uploads\/2021\/01\/PSX_20210104_024001-296x300.jpg\" sizes=\"auto, (max-width: 296px) 100vw, 296px\" srcset=\"https:\/\/cdn.arquidiocesesalvador.org.br\/wp-content\/uploads\/2021\/01\/PSX_20210104_024001-296x300.jpg 296w, https:\/\/cdn.arquidiocesesalvador.org.br\/wp-content\/uploads\/2021\/01\/PSX_20210104_024001-740x750.jpg 740w, https:\/\/cdn.arquidiocesesalvador.org.br\/wp-content\/uploads\/2021\/01\/PSX_20210104_024001-768x779.jpg 768w, https:\/\/cdn.arquidiocesesalvador.org.br\/wp-content\/uploads\/2021\/01\/PSX_20210104_024001-610x618.jpg 610w, https:\/\/cdn.arquidiocesesalvador.org.br\/wp-content\/uploads\/2021\/01\/PSX_20210104_024001-990x1004.jpg 990w, https:\/\/cdn.arquidiocesesalvador.org.br\/wp-content\/uploads\/2021\/01\/PSX_20210104_024001.jpg 1007w\" alt=\"\" width=\"268\" height=\"272\"><\/a><figcaption id=\"caption-attachment-103611\" class=\"wp-caption-text\">Dom Dorival Souza Barreto J\u00fanior recebeu a Ordena\u00e7\u00e3o Episcopal no dia 3 de janeiro de 2021 \u2013 Foto: Arquidiocese de Montes Claros<\/figcaption><\/figure>\n<p>Com alegria, a Arquidiocese de Salvador acolher\u00e1, no dia 6 de fevereiro, os dois novos bispos auxiliares nomeados pelo Papa Francisco. Dom Dorival Souza Barreto J\u00fanior e Dom Valter Magno de Carvalho ser\u00e3o apresentados durante a Missa que ser\u00e1 presidida pelo Arcebispo de Salvador e Primaz do Brasil, Cardeal Dom Sergio da Rocha. A Celebra\u00e7\u00e3o Eucar\u00edstica acontecer\u00e1 na Catedral Metropolitana de Salvador (Catedral Bas\u00edlica), \u00e0s 9h.<\/p>\n<p>Devido \u00e0 pandemia, a Missa de Apresenta\u00e7\u00e3o ter\u00e1 o n\u00famero reduzido de fi\u00e9is e para que todos possam participar, a Pastoral da Comunica\u00e7\u00e3o (Pascom) confirmou parceria com a TV Can\u00e7\u00e3o Nova e com a TV Pai Eterno, para retransmiss\u00e3o em rede nacional; e com a Rede Evangelizar, pelo Facebook e pelo Youtube. Para quem desejar acompanhar pelo r\u00e1dio, a Rede Excelsior de Comunica\u00e7\u00e3o tamb\u00e9m far\u00e1 a transmiss\u00e3o ao vivo.<\/p>\n<p>Os dois novos bispos auxiliares, ao lado do bispo auxiliar Dom Marco Eug\u00eanio Galr\u00e3o Leite de Almeida, ir\u00e3o colaborar com o pastoreio do Cardeal Dom Sergio da Rocha nesta Arquidiocese Primaz do Brasil. Em mensagem enviada ao povo da Arquidiocese de Salvador, logo quando foi nomeado, Dom Dorival expressou a gratid\u00e3o a Deus. \u201cUma grande alegria invade o meu cora\u00e7\u00e3o em poder contribuir com o vosso pastoreio e assim responder a esse chamado na viv\u00eancia da comunh\u00e3o, colocando a minha vida e os meus dons a servi\u00e7o da evangeliza\u00e7\u00e3o na Igreja Arquidiocesana de S\u00e3o Salvador da Bahia, com todas as suas Par\u00f3quias, Ordens, Congrega\u00e7\u00f5es Religiosas, Comunidades de Vida e Alian\u00e7a, Pastorais, Grupos, Movimentos, Irmandades, Confrarias e Equipes de Servi\u00e7os\u201d, escreveu.<\/p>\n<figure id=\"attachment_103610\" class=\"wp-caption aligncenter\" style=\"width: 281px;\" aria-describedby=\"caption-attachment-103610\"><a href=\"https:\/\/cdn.arquidiocesesalvador.org.br\/wp-content\/uploads\/2021\/01\/IMG_4398.jpg\"><img loading=\"lazy\" decoding=\"async\" class=\" wp-image-103610\" src=\"https:\/\/cdn.arquidiocesesalvador.org.br\/wp-content\/uploads\/2021\/01\/IMG_4398-300x200.jpg\" sizes=\"auto, (max-width: 300px) 100vw, 300px\" srcset=\"https:\/\/cdn.arquidiocesesalvador.org.br\/wp-content\/uploads\/2021\/01\/IMG_4398-300x200.jpg 300w, https:\/\/cdn.arquidiocesesalvador.org.br\/wp-content\/uploads\/2021\/01\/IMG_4398-750x500.jpg 750w, https:\/\/cdn.arquidiocesesalvador.org.br\/wp-content\/uploads\/2021\/01\/IMG_4398-768x512.jpg 768w, https:\/\/cdn.arquidiocesesalvador.org.br\/wp-content\/uploads\/2021\/01\/IMG_4398-1536x1024.jpg 1536w, https:\/\/cdn.arquidiocesesalvador.org.br\/wp-content\/uploads\/2021\/01\/IMG_4398-1080x720.jpg 1080w, https:\/\/cdn.arquidiocesesalvador.org.br\/wp-content\/uploads\/2021\/01\/IMG_4398-610x407.jpg 610w, https:\/\/cdn.arquidiocesesalvador.org.br\/wp-content\/uploads\/2021\/01\/IMG_4398-414x276.jpg 414w, https:\/\/cdn.arquidiocesesalvador.org.br\/wp-content\/uploads\/2021\/01\/IMG_4398-470x313.jpg 470w, https:\/\/cdn.arquidiocesesalvador.org.br\/wp-content\/uploads\/2021\/01\/IMG_4398-640x426.jpg 640w, https:\/\/cdn.arquidiocesesalvador.org.br\/wp-content\/uploads\/2021\/01\/IMG_4398-130x86.jpg 130w, https:\/\/cdn.arquidiocesesalvador.org.br\/wp-content\/uploads\/2021\/01\/IMG_4398-187x124.jpg 187w, https:\/\/cdn.arquidiocesesalvador.org.br\/wp-content\/uploads\/2021\/01\/IMG_4398-990x660.jpg 990w, https:\/\/cdn.arquidiocesesalvador.org.br\/wp-content\/uploads\/2021\/01\/IMG_4398-1320x880.jpg 1320w, https:\/\/cdn.arquidiocesesalvador.org.br\/wp-content\/uploads\/2021\/01\/IMG_4398.jpg 1920w\" alt=\"\" width=\"281\" height=\"187\"><\/a><figcaption id=\"caption-attachment-103610\" class=\"wp-caption-text\">Dom Valter Magno de Carvalho recebeu a Ordena\u00e7\u00e3o Episcopal no dia 23 de janeiro de 2021 \u2013 Foto: Arquidiocese de Mariana<\/figcaption><\/figure>\n<p>Tamb\u00e9m em mensagem enviada aos fi\u00e9is, Dom Valter Magno destacou o desejo de servir \u00e0 Igreja. \u201cVou ao encontro de todos com o cora\u00e7\u00e3o aberto para aprender o modo de ser Igreja nestas terras aben\u00e7oadas pelo Senhor Bom Jesus do Bonfim. Quero aprender a caminhar com o povo e valorizar as suas mais variadas manifesta\u00e7\u00f5es religiosas e culturais; desejo conhecer e me enriquecer com a hist\u00f3ria da Primeira Igreja Particular do Brasil. Quero, ainda, dedicar minha a\u00e7\u00e3o pastoral, especialmente, em favor daqueles que s\u00e3o os prediletos do Senhor, inspirado no exemplo de Santa Dulce dos Pobres\u201d, afirmou.<\/p>\n<p>Not\u00edcias: Arquidiocese de S\u00e3o Salvador (BA)<\/p>\n<div class=\"jeg_share_bottom_container\">\n<div class=\"jeg_share_button colored clearfix\">\n<div class=\"jeg_sharelist type-1\">&nbsp;<\/div>\n<\/div>\n<\/div>\n","protected":false},"excerpt":{"rendered":"<p>Nomeados pelo Papa Francisco, Dom Dorival e Dom Valter ser\u00e3o apresentados aos fi\u00e9is da primeira Igreja no Brasil no dia 6 de fevereiro Dom Dorival Souza Barreto J\u00fanior recebeu a Ordena\u00e7\u00e3o Episcopal no dia 3 de janeiro de 2021 \u2013 Foto: Arquidiocese de Montes Claros Com alegria, a Arquidiocese de Salvador acolher\u00e1, no dia 6&nbsp;<\/p>\n<p><a class=\"btn btn-style\" href=\"https:\/\/portalcatolico.net\/portal\/arquidiocese-de-salvador-acolhera-dois-novos-bispos-auxiliares\/\">Continue Reading<\/a><\/p>\n","protected":false},"author":2,"featured_media":71287,"comment_status":"open","ping_status":"open","sticky":false,"template":"","format":"standard","meta":{"footnotes":""},"categories":[4],"tags":[],"class_list":["post-71286","post","type-post","status-publish","format-standard","has-post-thumbnail","hentry","category-destaques"],"_links":{"self":[{"href":"https:\/\/portalcatolico.net\/portal\/wp-json\/wp\/v2\/posts\/71286","targetHints":{"allow":["GET"]}}],"collection":[{"href":"https:\/\/portalcatolico.net\/portal\/wp-json\/wp\/v2\/posts"}],"about":[{"href":"https:\/\/portalcatolico.net\/portal\/wp-json\/wp\/v2\/types\/post"}],"author":[{"embeddable":true,"href":"https:\/\/portalcatolico.net\/portal\/wp-json\/wp\/v2\/users\/2"}],"replies":[{"embeddable":true,"href":"https:\/\/portalcatolico.net\/portal\/wp-json\/wp\/v2\/comments?post=71286"}],"version-history":[{"count":1,"href":"https:\/\/portalcatolico.net\/portal\/wp-json\/wp\/v2\/posts\/71286\/revisions"}],"predecessor-version":[{"id":71288,"href":"https:\/\/portalcatolico.net\/portal\/wp-json\/wp\/v2\/posts\/71286\/revisions\/71288"}],"wp:featuredmedia":[{"embeddable":true,"href":"https:\/\/portalcatolico.net\/portal\/wp-json\/wp\/v2\/media\/71287"}],"wp:attachment":[{"href":"https:\/\/portalcatolico.net\/portal\/wp-json\/wp\/v2\/media?parent=71286"}],"wp:term":[{"taxonomy":"category","embeddable":true,"href":"https:\/\/portalcatolico.net\/portal\/wp-json\/wp\/v2\/categories?post=71286"},{"taxonomy":"post_tag","embeddable":true,"href":"https:\/\/portalcatolico.net\/portal\/wp-json\/wp\/v2\/tags?post=71286"}],"curies":[{"name":"wp","href":"https:\/\/api.w.org\/{rel}","templated":true}]}}