{"id":71283,"date":"2021-02-04T21:24:54","date_gmt":"2021-02-05T00:24:54","guid":{"rendered":"http:\/\/portalcatolico.net\/portal\/?p=71283"},"modified":"2021-02-04T21:24:54","modified_gmt":"2021-02-05T00:24:54","slug":"uma-comunicacao-que-supera-qualquer-tecnologia","status":"publish","type":"post","link":"https:\/\/portalcatolico.net\/portal\/uma-comunicacao-que-supera-qualquer-tecnologia\/","title":{"rendered":"Uma comunica\u00e7\u00e3o que supera qualquer tecnologia"},"content":{"rendered":"<p>Com o auge da inform\u00e1tica no mundo, a comunica\u00e7\u00e3o interpessoal tornou-se mais f\u00e1cil, por\u00e9m com alguns agravantes, tais como a mecanicidade da comunica\u00e7\u00e3o, o meio virtual distanciando as pessoas, impedindo o corpo a corpo e o olho no olho e, visceralmente, invalidando ou desprezando a qualidade das pessoas, pois \u00e9 uma comunica\u00e7\u00e3o vinculada \u00e0s m\u00eddias sociais. Com isso se ampliam consideravelmente as v\u00e1rias possibilidades de se comunicar. Contudo, em meio \u00e0s diferentes probabilidades de comunica\u00e7\u00e3o, uma jovem conseguia se destacar devido a seu modo original de comunicar.<\/p>\n<p>Helena Hojerry Diahem era chamada por seus amigos de trabalho de HD. Seu trabalho era como dos outros funcion\u00e1rios, por\u00e9m ela se destacava pela aten\u00e7\u00e3o dispensada a cada cliente.<\/p>\n<p>Olho no olho! A jovem trabalhadora tinha a voca\u00e7\u00e3o de atendimento ao p\u00fablico, falava com seus olhos; seus gestos eram todos de comunica\u00e7\u00e3o. Ela, sem ter consci\u00eancia, apresentava a cada cliente uma nova forma de comunicar: a comunica\u00e7\u00e3o da vida. Nesta comunica\u00e7\u00e3o, o corpo fala. Ele comunica com as vidas que se aproximam dele. Seu dizer era t\u00e3o somente para as pessoas viverem a vida.<\/p>\n<p>Insistia sempre com as pessoas, dizendo-lhes: \u201cDeixa de cultivar o medo. Deixa disso. Vai viver!\u201d<\/p>\n<p>Quando n\u00e3o se est\u00e1 lutando para n\u00e3o pegar um v\u00edrus ou qualquer outra enfermidade, estamos tendo outras lutas, vivendo sem condicionar nossa vida.<\/p>\n<p>Com medo ou sem medo, se tiver que pegar uma doen\u00e7a letal, vai pegar. Nossa luta di\u00e1ria \u00e9 pela sobreviv\u00eancia. N\u00e3o se permite deixar de viver esperando pela incerteza.<\/p>\n<p>Vai sem medo viver sua vida. Leve sua fam\u00edlia para se divertir, se ainda n\u00e3o tenha feito. Ningu\u00e9m fica de tocaia dentro de casa esperando o ladr\u00e3o chegar. Ele, portanto, chega quando ningu\u00e9m est\u00e1 esperando por sua visita. N\u00e3o seja voc\u00ea mesmo o ladr\u00e3o do sonho de viver de sua fam\u00edlia. Deixe que cada pessoa cres\u00e7a a cada dia com todas as incertezas desta vida, pois \u00e9 justamente por ser incerto o dia de amanh\u00e3 que ele se torna mais esperado. Deste modo, n\u00e3o espere o amanh\u00e3 para poder viver com intensidade o dia, viva o hoje, pois ele era o seu futuro do dia de ontem.<\/p>\n<p>S\u00f3 uma coisa posso dizer: se hoje for o meu fim, eu tenho que estar preparado para esta partida. Tenho que estar pronto a cada dia para viver e para chegar ao fim. Diante do viver e do morrer, a \u00fanica comunica\u00e7\u00e3o que um ser humano pode esperar \u00e9 pelo fim de sua vida. Assim, enquanto se destacava no trabalho por conseguir viver bem a cada dia, Helena, ou como a chamava seus colegas, HD conseguia mostrar para as pessoas que as m\u00eddias sociais podem muito bem ajudar as pessoas a se comunicarem, mas a melhor comunica\u00e7\u00e3o \u00e9 aquela que mora dentro de cada pessoa e se externa com a manifesta\u00e7\u00e3o corporal.<\/p>\n<p>Padre Joacir d\u2019Abadia, fil\u00f3sofo, autor de 12 livros. Em breve vai publicar os livros: \u201co Humano do Padre\u201d, \u201cAos cuidados da sabedoria\u201d e \u201cViv\u00e1s-Vasti: o contemplador\u201d. Segue a\u00ed nas M\u00eddias Sociais _<\/p>\n<p>P\u00e1gina do Facebook: <a href=\"https:\/\/m.facebook.com\/JoacirdAbadia\/\">https:\/\/m.facebook.com\/JoacirdAbadia\/&nbsp;<\/a><\/p>\n<p>Instagram https:\/\/<a href=\"http:\/\/www.instagram.com\/invites\/contact\/?i=1jlh84bgm01ll&amp;utm_content=1vb68m0\">www.instagram.com\/invites\/contact\/?i=1jlh84bgm01ll&amp;utm_content=1vb68m0&nbsp;&nbsp;<\/a><\/p>\n","protected":false},"excerpt":{"rendered":"<p>Com o auge da inform\u00e1tica no mundo, a comunica\u00e7\u00e3o interpessoal tornou-se mais f\u00e1cil, por\u00e9m com alguns agravantes, tais como a mecanicidade da comunica\u00e7\u00e3o, o meio virtual distanciando as pessoas, impedindo o corpo a corpo e o olho no olho e, visceralmente, invalidando ou desprezando a qualidade das pessoas, pois \u00e9 uma comunica\u00e7\u00e3o vinculada \u00e0s m\u00eddias&nbsp;<\/p>\n<p><a class=\"btn btn-style\" href=\"https:\/\/portalcatolico.net\/portal\/uma-comunicacao-que-supera-qualquer-tecnologia\/\">Continue Reading<\/a><\/p>\n","protected":false},"author":2,"featured_media":71284,"comment_status":"open","ping_status":"open","sticky":false,"template":"","format":"standard","meta":{"footnotes":""},"categories":[69],"tags":[],"class_list":["post-71283","post","type-post","status-publish","format-standard","has-post-thumbnail","hentry","category-artigos"],"_links":{"self":[{"href":"https:\/\/portalcatolico.net\/portal\/wp-json\/wp\/v2\/posts\/71283","targetHints":{"allow":["GET"]}}],"collection":[{"href":"https:\/\/portalcatolico.net\/portal\/wp-json\/wp\/v2\/posts"}],"about":[{"href":"https:\/\/portalcatolico.net\/portal\/wp-json\/wp\/v2\/types\/post"}],"author":[{"embeddable":true,"href":"https:\/\/portalcatolico.net\/portal\/wp-json\/wp\/v2\/users\/2"}],"replies":[{"embeddable":true,"href":"https:\/\/portalcatolico.net\/portal\/wp-json\/wp\/v2\/comments?post=71283"}],"version-history":[{"count":1,"href":"https:\/\/portalcatolico.net\/portal\/wp-json\/wp\/v2\/posts\/71283\/revisions"}],"predecessor-version":[{"id":71285,"href":"https:\/\/portalcatolico.net\/portal\/wp-json\/wp\/v2\/posts\/71283\/revisions\/71285"}],"wp:featuredmedia":[{"embeddable":true,"href":"https:\/\/portalcatolico.net\/portal\/wp-json\/wp\/v2\/media\/71284"}],"wp:attachment":[{"href":"https:\/\/portalcatolico.net\/portal\/wp-json\/wp\/v2\/media?parent=71283"}],"wp:term":[{"taxonomy":"category","embeddable":true,"href":"https:\/\/portalcatolico.net\/portal\/wp-json\/wp\/v2\/categories?post=71283"},{"taxonomy":"post_tag","embeddable":true,"href":"https:\/\/portalcatolico.net\/portal\/wp-json\/wp\/v2\/tags?post=71283"}],"curies":[{"name":"wp","href":"https:\/\/api.w.org\/{rel}","templated":true}]}}