{"id":71275,"date":"2021-02-03T21:58:25","date_gmt":"2021-02-04T00:58:25","guid":{"rendered":"http:\/\/portalcatolico.net\/portal\/?p=71275"},"modified":"2021-02-07T19:07:45","modified_gmt":"2021-02-07T22:07:45","slug":"rcc-da-diocese-de-itabuna-elege-novos-coordenaores-e-presidentes-para-o-bienio-de-2021-e-2122","status":"publish","type":"post","link":"https:\/\/portalcatolico.net\/portal\/rcc-da-diocese-de-itabuna-elege-novos-coordenaores-e-presidentes-para-o-bienio-de-2021-e-2122\/","title":{"rendered":"RCC da Diocese de Itabuna elege novos Coordenaores e Presidentes para o bi\u00eanio de 2021 e 2022"},"content":{"rendered":"<p style=\"font-weight: 400;\">No dia 29\/01\/2021 foram homologados novos Coordenadores de Minist\u00e9rios,&nbsp;Presid\u00eancia Diocesana,&nbsp;Conselho&nbsp;Fiscal e Coordenadores de Comiss\u00e3o, para o bi\u00eanio de 2021 e 2022, numa Reuni\u00e3o Extraordin\u00e1ria presidida pelo Coordenador Diocesano do Conselho Deliberativo da&nbsp;Renova\u00e7\u00e3o Carism\u00e1tica Cat\u00f3lica da Diocese de Itabuna(BA), Amistron Lira.&nbsp;<\/p>\n<p style=\"font-weight: 400;\">A reuni\u00e3o foi transmitida pelo aplicativo Google meet.&nbsp;<\/p>\n<p style=\"font-weight: 400;\">Confira os novos eleitos, nos cartazes.<strong>&nbsp;<\/strong><\/p>\n<p><strong>Presid\u00eancia Diocesana<\/strong>:<\/p>\n<p><img loading=\"lazy\" decoding=\"async\" class=\"wp-image-71276 aligncenter\" src=\"http:\/\/portalcatolico.net\/portal\/wp-content\/uploads\/2021\/02\/c2bfc73b-0f74-4e3f-a35d-75879945b0a0-300x300.jpg\" alt=\"\" width=\"818\" height=\"818\" srcset=\"https:\/\/portalcatolico.net\/portal\/wp-content\/uploads\/2021\/02\/c2bfc73b-0f74-4e3f-a35d-75879945b0a0-300x300.jpg 300w, https:\/\/portalcatolico.net\/portal\/wp-content\/uploads\/2021\/02\/c2bfc73b-0f74-4e3f-a35d-75879945b0a0-150x150.jpg 150w, https:\/\/portalcatolico.net\/portal\/wp-content\/uploads\/2021\/02\/c2bfc73b-0f74-4e3f-a35d-75879945b0a0.jpg 425w\" sizes=\"auto, (max-width: 818px) 100vw, 818px\" \/><\/p>\n<p><strong>Conselho fiscal:<\/strong><\/p>\n<p><img loading=\"lazy\" decoding=\"async\" class=\"wp-image-71277 aligncenter\" src=\"http:\/\/portalcatolico.net\/portal\/wp-content\/uploads\/2021\/02\/8d7ea68b-35d4-4ae0-82a3-1cf3285dcc0f-300x300.jpg\" alt=\"\" width=\"818\" height=\"818\" srcset=\"https:\/\/portalcatolico.net\/portal\/wp-content\/uploads\/2021\/02\/8d7ea68b-35d4-4ae0-82a3-1cf3285dcc0f-300x300.jpg 300w, https:\/\/portalcatolico.net\/portal\/wp-content\/uploads\/2021\/02\/8d7ea68b-35d4-4ae0-82a3-1cf3285dcc0f-150x150.jpg 150w, https:\/\/portalcatolico.net\/portal\/wp-content\/uploads\/2021\/02\/8d7ea68b-35d4-4ae0-82a3-1cf3285dcc0f.jpg 425w\" sizes=\"auto, (max-width: 818px) 100vw, 818px\" \/><\/p>\n<p><strong>Coordenadores de Comiss\u00e3o:<\/strong><\/p>\n<p><img loading=\"lazy\" decoding=\"async\" class=\"wp-image-71278 aligncenter\" src=\"http:\/\/portalcatolico.net\/portal\/wp-content\/uploads\/2021\/02\/e6bc92a9-7915-49c8-8a66-9b51a4f06d05-300x300.jpg\" alt=\"\" width=\"817\" height=\"817\" srcset=\"https:\/\/portalcatolico.net\/portal\/wp-content\/uploads\/2021\/02\/e6bc92a9-7915-49c8-8a66-9b51a4f06d05-300x300.jpg 300w, https:\/\/portalcatolico.net\/portal\/wp-content\/uploads\/2021\/02\/e6bc92a9-7915-49c8-8a66-9b51a4f06d05-150x150.jpg 150w, https:\/\/portalcatolico.net\/portal\/wp-content\/uploads\/2021\/02\/e6bc92a9-7915-49c8-8a66-9b51a4f06d05.jpg 425w\" sizes=\"auto, (max-width: 817px) 100vw, 817px\" \/><\/p>\n<p><strong>Coordenadores de minist\u00e9rio:<\/strong><\/p>\n<p><img loading=\"lazy\" decoding=\"async\" class=\"wp-image-71279 aligncenter\" src=\"http:\/\/portalcatolico.net\/portal\/wp-content\/uploads\/2021\/02\/a2e85b81-daf3-4f8b-bf2f-36a740131483-300x300.jpg\" alt=\"\" width=\"821\" height=\"821\" srcset=\"https:\/\/portalcatolico.net\/portal\/wp-content\/uploads\/2021\/02\/a2e85b81-daf3-4f8b-bf2f-36a740131483-300x300.jpg 300w, https:\/\/portalcatolico.net\/portal\/wp-content\/uploads\/2021\/02\/a2e85b81-daf3-4f8b-bf2f-36a740131483-150x150.jpg 150w, https:\/\/portalcatolico.net\/portal\/wp-content\/uploads\/2021\/02\/a2e85b81-daf3-4f8b-bf2f-36a740131483.jpg 425w\" sizes=\"auto, (max-width: 821px) 100vw, 821px\" \/><\/p>\n<p>&nbsp;<\/p>\n","protected":false},"excerpt":{"rendered":"<p>No dia 29\/01\/2021 foram homologados novos Coordenadores de Minist\u00e9rios,&nbsp;Presid\u00eancia Diocesana,&nbsp;Conselho&nbsp;Fiscal e Coordenadores de Comiss\u00e3o, para o bi\u00eanio de 2021 e 2022, numa Reuni\u00e3o Extraordin\u00e1ria presidida pelo Coordenador Diocesano do Conselho Deliberativo da&nbsp;Renova\u00e7\u00e3o Carism\u00e1tica Cat\u00f3lica da Diocese de Itabuna(BA), Amistron Lira.&nbsp; A reuni\u00e3o foi transmitida pelo aplicativo Google meet.&nbsp; Confira os novos eleitos, nos cartazes.&nbsp; Presid\u00eancia&nbsp;<\/p>\n<p><a class=\"btn btn-style\" href=\"https:\/\/portalcatolico.net\/portal\/rcc-da-diocese-de-itabuna-elege-novos-coordenaores-e-presidentes-para-o-bienio-de-2021-e-2122\/\">Continue Reading<\/a><\/p>\n","protected":false},"author":2,"featured_media":71280,"comment_status":"open","ping_status":"open","sticky":false,"template":"","format":"standard","meta":{"footnotes":""},"categories":[4],"tags":[],"class_list":["post-71275","post","type-post","status-publish","format-standard","has-post-thumbnail","hentry","category-destaques"],"_links":{"self":[{"href":"https:\/\/portalcatolico.net\/portal\/wp-json\/wp\/v2\/posts\/71275","targetHints":{"allow":["GET"]}}],"collection":[{"href":"https:\/\/portalcatolico.net\/portal\/wp-json\/wp\/v2\/posts"}],"about":[{"href":"https:\/\/portalcatolico.net\/portal\/wp-json\/wp\/v2\/types\/post"}],"author":[{"embeddable":true,"href":"https:\/\/portalcatolico.net\/portal\/wp-json\/wp\/v2\/users\/2"}],"replies":[{"embeddable":true,"href":"https:\/\/portalcatolico.net\/portal\/wp-json\/wp\/v2\/comments?post=71275"}],"version-history":[{"count":3,"href":"https:\/\/portalcatolico.net\/portal\/wp-json\/wp\/v2\/posts\/71275\/revisions"}],"predecessor-version":[{"id":71309,"href":"https:\/\/portalcatolico.net\/portal\/wp-json\/wp\/v2\/posts\/71275\/revisions\/71309"}],"wp:featuredmedia":[{"embeddable":true,"href":"https:\/\/portalcatolico.net\/portal\/wp-json\/wp\/v2\/media\/71280"}],"wp:attachment":[{"href":"https:\/\/portalcatolico.net\/portal\/wp-json\/wp\/v2\/media?parent=71275"}],"wp:term":[{"taxonomy":"category","embeddable":true,"href":"https:\/\/portalcatolico.net\/portal\/wp-json\/wp\/v2\/categories?post=71275"},{"taxonomy":"post_tag","embeddable":true,"href":"https:\/\/portalcatolico.net\/portal\/wp-json\/wp\/v2\/tags?post=71275"}],"curies":[{"name":"wp","href":"https:\/\/api.w.org\/{rel}","templated":true}]}}