{"id":71230,"date":"2021-01-28T11:41:50","date_gmt":"2021-01-28T14:41:50","guid":{"rendered":"http:\/\/portalcatolico.net\/portal\/?p=71230"},"modified":"2021-01-28T13:42:26","modified_gmt":"2021-01-28T16:42:26","slug":"a-amizade-entre-a-irma-da-minha-amiga-e-eu","status":"publish","type":"post","link":"https:\/\/portalcatolico.net\/portal\/a-amizade-entre-a-irma-da-minha-amiga-e-eu\/","title":{"rendered":"A amizade entre a irm\u00e3 da minha amiga e eu"},"content":{"rendered":"<p>Uma bolha de ar se formou no vento que soprava para o leste da nave da Igreja onde estava uma jovem doutora sentada assistindo a um recital de poesias.<\/p>\n<p>Dentro da bolha foi um par de olhos que, melindrosos e t\u00edmidos por quest\u00e3o de ess\u00eancia, n\u00e3o conseguiram enxergar a \u201cdouta\u201d atenta a tudo que acontecia.<\/p>\n<p>Nos recitais mais po\u00e9ticos, cantarolados em versos b\u00edblicos, se fazia men\u00e7\u00e3o honrosa \u00e0 ilustre convidada que, vez por outra, sorria ou aplaudia as apresenta\u00e7\u00f5es tanto quanto os demais convidados. A naturalidade que pendia daqueles pobres olhos ao enxergarem os visitantes n\u00e3o deixava se destacar entre todos uma \u00fanica pessoa. Enxergavam todos, sem, no entanto, veem algu\u00e9m em particular.<\/p>\n<p>A bolha s\u00f3 explodiu quando de repente termina o recital, e uma poetisa repentinamente chega pr\u00f3ximo do curador e diz que sua amiga que viera para prestigi\u00e1-la ficara encantada com a apresenta\u00e7\u00e3o e que gostaria de parabeniz\u00e1-lo pelo evento tocante \u00e0s entranhas mais nost\u00e1lgicas poss\u00edveis. Assim que se apresentaram, aquele par de olhos que se perdeu na imensid\u00e3o das pessoas podia encontrar-se junto com seus novos olhos destacados \u201centre mil\u201d, ajudando, com isso, dois olhares se cruzarem despedindo-se e seguindo para seus mundos diferentes, por\u00e9m iguais em timidez.<\/p>\n<p>Depois de tr\u00eas meses, parece que tudo estava se repetindo: a bolha de ar com os dois olhos passeava por entre bancos de madeira at\u00e9 que eles pr\u00f3prios conseguiram explodi-la, evidenciando a doutora entre os \u201cmil\u201d e, com esta proeza, o curador conseguiu fazer com que a sua fala ganhasse autoridade a cada palavra proferida pela convidada que discursou exaltando a import\u00e2ncia da for\u00e7a feminina contra a viol\u00eancia que emerge no seio familiar. A partir daquele dia os olhares se fizeram amigos sem necessidade de se esconderem entre bolhas de timidez: \u201cassim est\u00e1 sendo uma amizade entre a irm\u00e3 da minha amiga e eu\u201d, disse um fil\u00f3sofo enquanto parabenizava a doutora _\u201dParab\u00e9ns \u00e0 sua \u2018irm\u00e3\u2019!\u201d.<\/p>\n<p>Por:Padre Joacir d\u2019Abadia, fil\u00f3sofo autor de 12 livros, Especialista em Ensino Universit\u00e1rio<\/p>\n","protected":false},"excerpt":{"rendered":"<p>Uma bolha de ar se formou no vento que soprava para o leste da nave da Igreja onde estava uma jovem doutora sentada assistindo a um recital de poesias. Dentro da bolha foi um par de olhos que, melindrosos e t\u00edmidos por quest\u00e3o de ess\u00eancia, n\u00e3o conseguiram enxergar a \u201cdouta\u201d atenta a tudo que acontecia.&nbsp;<\/p>\n<p><a class=\"btn btn-style\" href=\"https:\/\/portalcatolico.net\/portal\/a-amizade-entre-a-irma-da-minha-amiga-e-eu\/\">Continue Reading<\/a><\/p>\n","protected":false},"author":2,"featured_media":71038,"comment_status":"open","ping_status":"open","sticky":false,"template":"","format":"standard","meta":{"footnotes":""},"categories":[69],"tags":[],"class_list":["post-71230","post","type-post","status-publish","format-standard","has-post-thumbnail","hentry","category-artigos"],"_links":{"self":[{"href":"https:\/\/portalcatolico.net\/portal\/wp-json\/wp\/v2\/posts\/71230","targetHints":{"allow":["GET"]}}],"collection":[{"href":"https:\/\/portalcatolico.net\/portal\/wp-json\/wp\/v2\/posts"}],"about":[{"href":"https:\/\/portalcatolico.net\/portal\/wp-json\/wp\/v2\/types\/post"}],"author":[{"embeddable":true,"href":"https:\/\/portalcatolico.net\/portal\/wp-json\/wp\/v2\/users\/2"}],"replies":[{"embeddable":true,"href":"https:\/\/portalcatolico.net\/portal\/wp-json\/wp\/v2\/comments?post=71230"}],"version-history":[{"count":1,"href":"https:\/\/portalcatolico.net\/portal\/wp-json\/wp\/v2\/posts\/71230\/revisions"}],"predecessor-version":[{"id":71231,"href":"https:\/\/portalcatolico.net\/portal\/wp-json\/wp\/v2\/posts\/71230\/revisions\/71231"}],"wp:featuredmedia":[{"embeddable":true,"href":"https:\/\/portalcatolico.net\/portal\/wp-json\/wp\/v2\/media\/71038"}],"wp:attachment":[{"href":"https:\/\/portalcatolico.net\/portal\/wp-json\/wp\/v2\/media?parent=71230"}],"wp:term":[{"taxonomy":"category","embeddable":true,"href":"https:\/\/portalcatolico.net\/portal\/wp-json\/wp\/v2\/categories?post=71230"},{"taxonomy":"post_tag","embeddable":true,"href":"https:\/\/portalcatolico.net\/portal\/wp-json\/wp\/v2\/tags?post=71230"}],"curies":[{"name":"wp","href":"https:\/\/api.w.org\/{rel}","templated":true}]}}