{"id":71219,"date":"2021-01-28T13:24:46","date_gmt":"2021-01-28T16:24:46","guid":{"rendered":"http:\/\/portalcatolico.net\/portal\/?p=71219"},"modified":"2021-01-28T13:26:06","modified_gmt":"2021-01-28T16:26:06","slug":"especialista-orienta-medidas-preventivas-e-garante-retomada-de-missas-nao-causou-surtos-de-covid-19","status":"publish","type":"post","link":"https:\/\/portalcatolico.net\/portal\/especialista-orienta-medidas-preventivas-e-garante-retomada-de-missas-nao-causou-surtos-de-covid-19\/","title":{"rendered":"Especialista orienta medidas preventivas e garante: retomada de missas n\u00e3o causou surtos de Covid-19"},"content":{"rendered":"<p>O infectologista Sidnei Alves dos Santos J\u00fanior alertou que, mesmo com a chegada da vacina, os cat\u00f3licos precisam seguir tendo cuidados para participar nas missas e, por isso, deu algumas indica\u00e7\u00f5es pr\u00e1ticas para seguir prevenindo a propaga\u00e7\u00e3o do coronav\u00edrus. Entretanto o especialista garantiu: a reabertura dos templos n\u00e3o levou \u00e0 ocorr\u00eancia de surtos de Covid-19, o que refor\u00e7a o pedido de&nbsp;bispos&nbsp;em todo o Brasil para que as igrejas sigam abertas oferecendo missas com a presen\u00e7a dos fi\u00e9is.<\/p>\n<p>\u201cRecordar algumas orienta\u00e7\u00f5es \u00e9 uma forma de refor\u00e7ar e ampliar a prote\u00e7\u00e3o de todos aqueles que participam das celebra\u00e7\u00f5es lit\u00fargicas. Na medida em que n\u00e3o existe tratamento dispon\u00edvel para a Covid-19, a melhor forma de lidar com o v\u00edrus ainda \u00e9 por meio da preven\u00e7\u00e3o\u201d, explicou \u00e0 Arquidiocese de Porto Alegre (RS), a qual buscou orienta\u00e7\u00f5es com o especialista a fim de refor\u00e7ar os cuidados sanit\u00e1rios necess\u00e1rios durante as celebra\u00e7\u00f5es lit\u00fargicas.<\/p>\n<p>Sidnei Alves \u00e9 m\u00e9dico infectologista do Hospital Divina Provid\u00eancia e mestre em Medicina (Ci\u00eancias M\u00e9dicas). O profissional recordou que j\u00e1 tece in\u00edcio no Brasil a vacina\u00e7\u00e3o contra a Covid-19 e indicou que \u201cas vacinas certamente ter\u00e3o um papel central nessa estrat\u00e9gia\u201d.<\/p>\n<p>Entretanto, ressaltou, \u201cse levarmos em conta o contingente de pessoas a serem vacinadas e a capacidade de produzir, distribuir e aplicar a vacina, levar\u00e1 ainda algum tempo para que essa medida tenha um impacto significativo na popula\u00e7\u00e3o\u201d.<\/p>\n<p>Por isso, refor\u00e7ou a necessidade da preven\u00e7\u00e3o, inclusive durante as celebra\u00e7\u00f5es Eucar\u00edsticas. \u201cA&nbsp;Missa&nbsp;\u00e9 uma ocasi\u00e3o em que muitas pessoas ocupam o mesmo local e na qual temos a presen\u00e7a de um n\u00famero significativo de pessoas de grupos de risco. Al\u00e9m da possibilidade de transmiss\u00e3o entre os fi\u00e9is, se tivermos, por exemplo, um sacerdote ou ministro da&nbsp;eucaristia&nbsp;infectado, h\u00e1 uma chance consider\u00e1vel de transmiss\u00e3o dele para v\u00e1rias pessoas\u201d, assinalou.<\/p>\n<p>Nesse sentido, \u201ca ado\u00e7\u00e3o de medidas preventivas como distanciamento, uso de m\u00e1scara e \u00e1lcool em gel, ainda \u00e9 a principal arma para a preven\u00e7\u00e3o\u201d.<\/p>\n<p>\u201cVale destacar que foram esses cuidados que nos trouxeram at\u00e9 aqui, que n\u00e3o permitiram a ocorr\u00eancia de surtos nas nossas igrejas e que possibilitaram sua reabertura. N\u00e3o \u00e9 o momento de baixarmos a guarda\u201d, sublinhou.<\/p>\n<p><strong>Assim, o especialista indicou 16 medidas preventivas que podem ser adotadas contra o coronav\u00edrus durante as Missas:<\/strong><\/p>\n<p>1) Higieniza\u00e7\u00e3o das m\u00e3os por toda a equipe lit\u00fargica, presb\u00edtero(s) e di\u00e1cono(s), antes de iniciar a celebra\u00e7\u00e3o lit\u00fargica;<\/p>\n<p>2) Uso de m\u00e1scara pelo sacerdote e pela equipe lit\u00fargica ao longo da celebra\u00e7\u00e3o;<\/p>\n<p>3) Higieniza\u00e7\u00e3o das m\u00e3os antes de come\u00e7ar a distribui\u00e7\u00e3o da Eucaristia pelas pessoas que o far\u00e3o;<\/p>\n<p>4) Observar distanciamento de 2 metros entre as pessoas. Nunca ficar a menos de 1 metro;<\/p>\n<p>5) Manter c\u00e1lice\/cib\u00f3rio tampado sobre o corporal;<\/p>\n<p>6) Quando se busca o cib\u00f3rio no sacr\u00e1rio, mant\u00ea-lo com a tampa at\u00e9 o momento de iniciar a distribui\u00e7\u00e3o do Corpo do Senhor;<\/p>\n<p>7) Manter o c\u00e1lice coberto com a pala e a patena com o sangu\u00edneo ou uma pala o maior tempo poss\u00edvel;<\/p>\n<p>8) Higieniza\u00e7\u00e3o dos assentos antes e depois das celebra\u00e7\u00f5es;<\/p>\n<p>9) Reduzir a equipe lit\u00fargica ao menor n\u00famero poss\u00edvel de pessoas;<\/p>\n<p>10) Evitar a presen\u00e7a\/participa\u00e7\u00e3o de pessoas de grupos de risco nas equipes de liturgia;<\/p>\n<p>11) Recomenda-se usar a m\u00e1scara para as leituras ou mesmo para cantar;<\/p>\n<p>12) Garantir higieniza\u00e7\u00e3o de objetos de uso comum, como microfones, p\u00falpito, amb\u00e3o etc.;<\/p>\n<p>13) Oferecer \u00e1lcool em gel para todos que entram e saem do templo;<\/p>\n<p>14) Solicitar o uso adequado de m\u00e1scara ao longo da celebra\u00e7\u00e3o;<\/p>\n<p>15) A H\u00f3stia grande seja consumida pelo presidente da celebra\u00e7\u00e3o;<\/p>\n<p>16) Para a distribui\u00e7\u00e3o do Corpo do Senhor, observe-se entre os fi\u00e9is a dist\u00e2ncia recomendada pelas autoridades sanit\u00e1rias. Sendo vi\u00e1vel, o presidente da celebra\u00e7\u00e3o e demais ministros v\u00e3o at\u00e9 onde as pessoas se encontram para distribuir o Corpo do Senhor.(ACI)<\/p>\n<p>O infectologista Sidnei Alves dos Santos J\u00fanior \/ Foto: Arquidiocese de Porto Alegre<\/p>\n","protected":false},"excerpt":{"rendered":"<p>O infectologista Sidnei Alves dos Santos J\u00fanior alertou que, mesmo com a chegada da vacina, os cat\u00f3licos precisam seguir tendo cuidados para participar nas missas e, por isso, deu algumas indica\u00e7\u00f5es pr\u00e1ticas para seguir prevenindo a propaga\u00e7\u00e3o do coronav\u00edrus. Entretanto o especialista garantiu: a reabertura dos templos n\u00e3o levou \u00e0 ocorr\u00eancia de surtos de Covid-19,&nbsp;<\/p>\n<p><a class=\"btn btn-style\" href=\"https:\/\/portalcatolico.net\/portal\/especialista-orienta-medidas-preventivas-e-garante-retomada-de-missas-nao-causou-surtos-de-covid-19\/\">Continue Reading<\/a><\/p>\n","protected":false},"author":2,"featured_media":71220,"comment_status":"open","ping_status":"open","sticky":false,"template":"","format":"standard","meta":{"footnotes":""},"categories":[3],"tags":[],"class_list":["post-71219","post","type-post","status-publish","format-standard","has-post-thumbnail","hentry","category-noticias_regionais"],"_links":{"self":[{"href":"https:\/\/portalcatolico.net\/portal\/wp-json\/wp\/v2\/posts\/71219","targetHints":{"allow":["GET"]}}],"collection":[{"href":"https:\/\/portalcatolico.net\/portal\/wp-json\/wp\/v2\/posts"}],"about":[{"href":"https:\/\/portalcatolico.net\/portal\/wp-json\/wp\/v2\/types\/post"}],"author":[{"embeddable":true,"href":"https:\/\/portalcatolico.net\/portal\/wp-json\/wp\/v2\/users\/2"}],"replies":[{"embeddable":true,"href":"https:\/\/portalcatolico.net\/portal\/wp-json\/wp\/v2\/comments?post=71219"}],"version-history":[{"count":1,"href":"https:\/\/portalcatolico.net\/portal\/wp-json\/wp\/v2\/posts\/71219\/revisions"}],"predecessor-version":[{"id":71221,"href":"https:\/\/portalcatolico.net\/portal\/wp-json\/wp\/v2\/posts\/71219\/revisions\/71221"}],"wp:featuredmedia":[{"embeddable":true,"href":"https:\/\/portalcatolico.net\/portal\/wp-json\/wp\/v2\/media\/71220"}],"wp:attachment":[{"href":"https:\/\/portalcatolico.net\/portal\/wp-json\/wp\/v2\/media?parent=71219"}],"wp:term":[{"taxonomy":"category","embeddable":true,"href":"https:\/\/portalcatolico.net\/portal\/wp-json\/wp\/v2\/categories?post=71219"},{"taxonomy":"post_tag","embeddable":true,"href":"https:\/\/portalcatolico.net\/portal\/wp-json\/wp\/v2\/tags?post=71219"}],"curies":[{"name":"wp","href":"https:\/\/api.w.org\/{rel}","templated":true}]}}