{"id":71020,"date":"2021-01-01T13:35:30","date_gmt":"2021-01-01T16:35:30","guid":{"rendered":"http:\/\/portalcatolico.net\/portal\/?p=71020"},"modified":"2021-01-01T13:46:35","modified_gmt":"2021-01-01T16:46:35","slug":"bispo-da-diocese-de-eunapolis-divulga-comunicado-oficial-com-varias-novidades-confira","status":"publish","type":"post","link":"https:\/\/portalcatolico.net\/portal\/bispo-da-diocese-de-eunapolis-divulga-comunicado-oficial-com-varias-novidades-confira\/","title":{"rendered":"Bispo da Diocese de Eun\u00e1polis divulga Comunicado Oficial com v\u00e1rias novidades. Confira!"},"content":{"rendered":"<div dir=\"auto\">\n<div dir=\"auto\">No dia 29 de dezembro de 2020,&nbsp; Dom Jos\u00e9 Edson Santana, Bispo Diocesano&nbsp;da Diocese de Eun\u00e1polis, sediada no extremo sul da Bahia, fez um Comunicado Oficial&nbsp;dirigido para toda Comunidade que comp\u00f5e a diocese.<br \/>\nNo documento, tem destaque especial para a Celebra\u00e7\u00e3o do Jubileu dos 25&nbsp; anos de exist\u00eancia de evangeliza\u00e7\u00e3o e alegria para a Diocese de&nbsp;Eun\u00e1polis, situada na Costa do Descobrimento.<\/div>\n<div dir=\"auto\">&nbsp;<\/div>\n<div dir=\"auto\">No documento oficial, no site da diocese de Eun\u00e1polis, Dom Jos\u00e9 Edson faz&nbsp; as nomea\u00e7\u00f5es de Sacerdotes, Di\u00e1conos e Seminaristas para o servi\u00e7o em&nbsp; Par\u00f3quias e faz a eleva\u00e7\u00e3o de algumas &#8220;quase &#8211; par\u00f3quias&#8221; para funcionarem&nbsp; como Par\u00f3quias. Todas as medidas tomadas t\u00eam o intuito de atender as&nbsp; necessidades e realidades das Par\u00f3quias, e promover o crescimento e&nbsp;dinamismo da diocese.<\/div>\n<div dir=\"auto\">&nbsp;<\/div>\n<div dir=\"auto\">O novo Vig\u00e1rio Geral da Diocese de Eun\u00e1polis, foi nomeado o&nbsp;Reverend\u00edssimo Padre Dilson Batista para o Of\u00edcio de Vig\u00e1rio Geral da&nbsp;Diocese de Eun\u00e1polis.<br \/>\nNesta mesma data, foi nomeado para o of\u00edcio de coordenador de Pastoral, o&nbsp; Reverend\u00edssimo Padre Adel\u00edco Lopes Santos.<br \/>\nConfira o Comunicado e os&nbsp; documentos neste&nbsp; link:<a href=\"https:\/\/www.diocesedeeunapolis.org\/post\/mudan%C3%A7as-na-configura%C3%A7%C3%A3o-atual-de-algumas-par%C3%B3quias\">https:\/\/www.diocesedeeunapolis.org\/post\/mudan%C3%A7as-na-configura%C3%A7%C3%A3o-atual-de-algumas-par%C3%B3quias<\/a><\/div>\n<div dir=\"auto\">Foto: Divulga\u00e7\u00e3o<\/div>\n<\/div>\n<div id=\"ms-outlook-mobile-signature\">\n<div>&nbsp;<\/div>\n<\/div>\n","protected":false},"excerpt":{"rendered":"<p>No dia 29 de dezembro de 2020,&nbsp; Dom Jos\u00e9 Edson Santana, Bispo Diocesano&nbsp;da Diocese de Eun\u00e1polis, sediada no extremo sul da Bahia, fez um Comunicado Oficial&nbsp;dirigido para toda Comunidade que comp\u00f5e a diocese. No documento, tem destaque especial para a Celebra\u00e7\u00e3o do Jubileu dos 25&nbsp; anos de exist\u00eancia de evangeliza\u00e7\u00e3o e alegria para a Diocese&nbsp;<\/p>\n<p><a class=\"btn btn-style\" href=\"https:\/\/portalcatolico.net\/portal\/bispo-da-diocese-de-eunapolis-divulga-comunicado-oficial-com-varias-novidades-confira\/\">Continue Reading<\/a><\/p>\n","protected":false},"author":2,"featured_media":71021,"comment_status":"open","ping_status":"open","sticky":false,"template":"","format":"standard","meta":{"footnotes":""},"categories":[4],"tags":[],"class_list":["post-71020","post","type-post","status-publish","format-standard","has-post-thumbnail","hentry","category-destaques"],"_links":{"self":[{"href":"https:\/\/portalcatolico.net\/portal\/wp-json\/wp\/v2\/posts\/71020","targetHints":{"allow":["GET"]}}],"collection":[{"href":"https:\/\/portalcatolico.net\/portal\/wp-json\/wp\/v2\/posts"}],"about":[{"href":"https:\/\/portalcatolico.net\/portal\/wp-json\/wp\/v2\/types\/post"}],"author":[{"embeddable":true,"href":"https:\/\/portalcatolico.net\/portal\/wp-json\/wp\/v2\/users\/2"}],"replies":[{"embeddable":true,"href":"https:\/\/portalcatolico.net\/portal\/wp-json\/wp\/v2\/comments?post=71020"}],"version-history":[{"count":5,"href":"https:\/\/portalcatolico.net\/portal\/wp-json\/wp\/v2\/posts\/71020\/revisions"}],"predecessor-version":[{"id":71027,"href":"https:\/\/portalcatolico.net\/portal\/wp-json\/wp\/v2\/posts\/71020\/revisions\/71027"}],"wp:featuredmedia":[{"embeddable":true,"href":"https:\/\/portalcatolico.net\/portal\/wp-json\/wp\/v2\/media\/71021"}],"wp:attachment":[{"href":"https:\/\/portalcatolico.net\/portal\/wp-json\/wp\/v2\/media?parent=71020"}],"wp:term":[{"taxonomy":"category","embeddable":true,"href":"https:\/\/portalcatolico.net\/portal\/wp-json\/wp\/v2\/categories?post=71020"},{"taxonomy":"post_tag","embeddable":true,"href":"https:\/\/portalcatolico.net\/portal\/wp-json\/wp\/v2\/tags?post=71020"}],"curies":[{"name":"wp","href":"https:\/\/api.w.org\/{rel}","templated":true}]}}