{"id":71016,"date":"2021-01-01T11:55:03","date_gmt":"2021-01-01T14:55:03","guid":{"rendered":"http:\/\/portalcatolico.net\/portal\/?p=71016"},"modified":"2021-01-01T11:55:37","modified_gmt":"2021-01-01T14:55:37","slug":"dom-moacir-arantes-toma-posse-da-diocese-de-barreiras-ba-neste-sabado-02","status":"publish","type":"post","link":"https:\/\/portalcatolico.net\/portal\/dom-moacir-arantes-toma-posse-da-diocese-de-barreiras-ba-neste-sabado-02\/","title":{"rendered":"Dom Moacir Arantes toma posse da Diocese de Barreiras (BA) neste s\u00e1bado (02)"},"content":{"rendered":"<p>Neste s\u00e1bado, 2 de janeiro, acontece a Celebra\u00e7\u00e3o Eucar\u00edstica e posse can\u00f4nica do novo bispo da diocese de Barreiras (BA), dom Moacir Silva Arantes.<\/p>\n<p>Todo o momento ser\u00e1 transmitido em tempo real pelo YouTube da diocese (<a href=\"http:\/\/youtube.com\/watch?v=v3Sc8MrfIPM\">youtube.com\/watch?v=v3Sc8MrfIPM<\/a>) e tamb\u00e9m pelo canal da Rede Vida.<\/p>\n<p>Devido a pandemia do novo coronav\u00edrus, a fim de evitar a sua propaga\u00e7\u00e3o, o n\u00famero de pessoas que poder\u00e3o participar presencialmente ser\u00e1 reduzido, para que a aglomera\u00e7\u00e3o possa ser evitada.(fecatolica)<\/p>\n<p>Foto: Reprodu\u00e7\u00e3o \/ CNBB<\/p>\n","protected":false},"excerpt":{"rendered":"<p>Neste s\u00e1bado, 2 de janeiro, acontece a Celebra\u00e7\u00e3o Eucar\u00edstica e posse can\u00f4nica do novo bispo da diocese de Barreiras (BA), dom Moacir Silva Arantes. Todo o momento ser\u00e1 transmitido em tempo real pelo YouTube da diocese (youtube.com\/watch?v=v3Sc8MrfIPM) e tamb\u00e9m pelo canal da Rede Vida. Devido a pandemia do novo coronav\u00edrus, a fim de evitar a&nbsp;<\/p>\n<p><a class=\"btn btn-style\" href=\"https:\/\/portalcatolico.net\/portal\/dom-moacir-arantes-toma-posse-da-diocese-de-barreiras-ba-neste-sabado-02\/\">Continue Reading<\/a><\/p>\n","protected":false},"author":2,"featured_media":71017,"comment_status":"open","ping_status":"open","sticky":false,"template":"","format":"standard","meta":{"footnotes":""},"categories":[3],"tags":[],"class_list":["post-71016","post","type-post","status-publish","format-standard","has-post-thumbnail","hentry","category-noticias_regionais"],"_links":{"self":[{"href":"https:\/\/portalcatolico.net\/portal\/wp-json\/wp\/v2\/posts\/71016","targetHints":{"allow":["GET"]}}],"collection":[{"href":"https:\/\/portalcatolico.net\/portal\/wp-json\/wp\/v2\/posts"}],"about":[{"href":"https:\/\/portalcatolico.net\/portal\/wp-json\/wp\/v2\/types\/post"}],"author":[{"embeddable":true,"href":"https:\/\/portalcatolico.net\/portal\/wp-json\/wp\/v2\/users\/2"}],"replies":[{"embeddable":true,"href":"https:\/\/portalcatolico.net\/portal\/wp-json\/wp\/v2\/comments?post=71016"}],"version-history":[{"count":2,"href":"https:\/\/portalcatolico.net\/portal\/wp-json\/wp\/v2\/posts\/71016\/revisions"}],"predecessor-version":[{"id":71019,"href":"https:\/\/portalcatolico.net\/portal\/wp-json\/wp\/v2\/posts\/71016\/revisions\/71019"}],"wp:featuredmedia":[{"embeddable":true,"href":"https:\/\/portalcatolico.net\/portal\/wp-json\/wp\/v2\/media\/71017"}],"wp:attachment":[{"href":"https:\/\/portalcatolico.net\/portal\/wp-json\/wp\/v2\/media?parent=71016"}],"wp:term":[{"taxonomy":"category","embeddable":true,"href":"https:\/\/portalcatolico.net\/portal\/wp-json\/wp\/v2\/categories?post=71016"},{"taxonomy":"post_tag","embeddable":true,"href":"https:\/\/portalcatolico.net\/portal\/wp-json\/wp\/v2\/tags?post=71016"}],"curies":[{"name":"wp","href":"https:\/\/api.w.org\/{rel}","templated":true}]}}