{"id":71006,"date":"2021-01-01T10:58:58","date_gmt":"2021-01-01T13:58:58","guid":{"rendered":"http:\/\/portalcatolico.net\/portal\/?p=71006"},"modified":"2021-01-01T10:59:14","modified_gmt":"2021-01-01T13:59:14","slug":"o-papa-que-2021-seja-um-ano-de-solidariedade-fraterna-e-de-paz-para-todos","status":"publish","type":"post","link":"https:\/\/portalcatolico.net\/portal\/o-papa-que-2021-seja-um-ano-de-solidariedade-fraterna-e-de-paz-para-todos\/","title":{"rendered":"O Papa: que 2021 seja um ano de solidariedade fraterna e de paz para todos"},"content":{"rendered":"<div class=\"article__subTitle\">&#8220;Come\u00e7amos o Ano Novo colocando-nos sob o olhar materno e amoroso de Maria Sant\u00edssima, que a liturgia hoje celebra como a M\u00e3e de Deus&#8221;, disse Francisco no Angelus, recordando que &#8220;os dolorosos acontecimentos que marcaram o caminho da humanidade no ano transcorrido, especialmente a pandemia, nos ensinam como \u00e9 necess\u00e1rio interessar-se pelos problemas dos outros e compartilhar suas preocupa\u00e7\u00f5es&#8221;.<\/div>\n<div>&nbsp;<\/div>\n<div>O Papa Francisco conduziu a ora\u00e7\u00e3o mariana do Angelus, nesta sexta-feira (1\u00ba\/01), Solenidade de Santa Maria, M\u00e3e de Deus, e Dia Mundial da Paz, da Biblioteca do Pal\u00e1cio Apost\u00f3lico.<\/div>\n<div class=\"title__separator\">\n<p><i>Come\u00e7amos o Ano Novo colocando-nos sob o olhar materno e amoroso de Maria Sant\u00edssima, que a liturgia hoje celebra como a M\u00e3e de Deus. Desta forma retomamos nosso caminho pelas veredas do tempo, confiando nossas ang\u00fastias e nossos&nbsp; tormentos \u00c0quela que pode fazer todas as coisas. Maria nos olha com ternura materna, assim como olhava para seu Filho Jesus. Se olharmos para o Pres\u00e9pio, vemos que Jesus n\u00e3o est\u00e1 no ber\u00e7o. Me disseram que Nossa Senhora disse: &#8220;Mas, me deixem segurar um pouco no colo este meu filho?&#8221; Assim faz Nossa Senhora conosco: quer nos segurar em seus bra\u00e7os para nos proteger como ela protegeu e amou o seu Filho.<\/i><\/p>\n<p>Segundo o Pont\u00edfice, \u201co olhar assegurador e consolador da Virgem Santa \u00e9 um encorajamento para fazer de modo que este tempo, que nos \u00e9 dado pelo Senhor, seja gasto para o nosso crescimento humano e espiritual, que seja um tempo para remover os \u00f3dios e as divis\u00f5es, e existem muitas, que seja um tempo para sentir que somos todos mais irm\u00e3os e irm\u00e3s, que seja um tempo para construir e n\u00e3o para destruir, cuidando uns dos outros e da cria\u00e7\u00e3o. Um tempo para fazer crescer, um tempo de paz\u201d. A seguir, acrescentou:<\/p>\n<p><i>\u00c9 propriamente ao cuidado do pr\u00f3ximo e da cria\u00e7\u00e3o que \u00e9 dedicado o tema do Dia Mundial da Paz, que hoje celebramos: A cultura do cuidado como percurso de paz. Os dolorosos acontecimentos que marcaram o caminho da humanidade no ano transcorrido, especialmente a pandemia, nos ensinam como \u00e9 necess\u00e1rio interessar-se pelos problemas dos outros e compartilhar suas preocupa\u00e7\u00f5es. Esta atitude representa o caminho que leva \u00e0 paz, pois favorece a constru\u00e7\u00e3o de uma sociedade fundada em rela\u00e7\u00f5es fraternais. Cada um de n\u00f3s, homens e mulheres de nosso tempo, \u00e9 chamado a realizar a paz: cada um de n\u00f3s. N\u00e3o sejamos indiferentes a isso. Somos todos chamados a realizar a paz e a realiz\u00e1-la todos os dias e em todos os ambientes da vida, estendendo a m\u00e3o ao irm\u00e3o que precisa de uma palavra de conforto, de um gesto de ternura, de uma ajuda solid\u00e1ria. Para n\u00f3s, esta \u00e9 uma tarefa dada por Deus. O Senhor nos d\u00e1 a tarefa de sermos operadores de paz.<\/i><\/p>\n<p>O Papa ressaltou que \u201ca paz pode ser constru\u00edda se come\u00e7armos a estar em paz conosco mesmos, em paz por dentro, no cora\u00e7\u00e3o, e conosco, e com aqueles ao nosso redor, removendo os obst\u00e1culos que nos impedem de cuidar dos que se encontram necessitados e na indig\u00eancia\u201d.<\/p>\n<p><i>Trata-se de desenvolver uma mentalidade e uma cultura do &#8220;cuidar&#8221;, a fim de derrotar a indiferen\u00e7a, vencer o descarte e a rivalidade, indiferen\u00e7a, descarte e rivalidade que infelizmente prevalecem. Eliminar esses comportamentos. A paz n\u00e3o \u00e9 apenas a aus\u00eancia de guerra, paz nunca \u00e9 ass\u00e9ptica: n\u00e3o, a paz do quir\u00f3fano n\u00e3o existe. A paz est\u00e1 na vida: n\u00e3o \u00e9 apenas a aus\u00eancia de guerra, mas uma vida rica em sentido, impostada e vivida na realiza\u00e7\u00e3o pessoal e na partilha fraterna com os outros. Ent\u00e3o essa paz t\u00e3o almejada e sempre amea\u00e7ada pela viol\u00eancia, pelo ego\u00edsmo e pela maldade, aquela paz colocada em perigo, torna-se poss\u00edvel e realiz\u00e1vel se eu a pegar como uma tarefa que me foi doada por Deus.<\/i><\/p>\n<p>\u201cQue a Virgem Maria, que deu \u00e0 luz o &#8220;Pr\u00edncipe da Paz&#8221;, e que o mima com ternura em seus bra\u00e7os, obtenha para n\u00f3s do c\u00e9u o precioso bem da paz, que n\u00e3o podemos perseguir plenamente apenas com a for\u00e7a humana\u201d, disse ainda Francisco. Segundo o Papa, \u201csomente as for\u00e7as humanas n\u00e3o s\u00e3o suficientes, porque a paz \u00e9 sobretudo um dom, um dom de Deus; deve ser implorada com ora\u00e7\u00e3o incessante, sustentada por um di\u00e1logo paciente e respeitoso, constru\u00edda atrav\u00e9s de uma coopera\u00e7\u00e3o aberta \u00e0 verdade e \u00e0 justi\u00e7a e sempre atenta \u00e0s leg\u00edtimas aspira\u00e7\u00f5es dos indiv\u00edduos e dos povos. Meu ausp\u00edcio \u00e9 que a paz reine no cora\u00e7\u00e3o dos homens e nas fam\u00edlias; nos lugares de trabalho e de lazer; nas comunidades e nas na\u00e7\u00f5es. Nas fam\u00edlias, no trabalho, nas na\u00e7\u00f5es: paz. E agora que pensamos que a vida hoje \u00e9 resolvida com guerras, inimizades e muitas coisas que destroem&#8230; queremos a paz. E isso \u00e9 um dom\u201d.<\/p>\n<p><i>No limiar deste in\u00edcio, a todos estendo meus cordiais votos de um feliz e sereno 2021. Cada um de n\u00f3s procure fazer com que seja um ano de solidariedade fraterna e de paz para todos; um ano repleto de confian\u00e7a e de esperan\u00e7as, que confiamos \u00e0 prote\u00e7\u00e3o celestial de Maria, M\u00e3e de Deus e nossa M\u00e3e.<\/i><\/p>\n<\/div>\n<div class=\"article__text \">\n<p><b>Por: Mariangela Jaguraba\/Raimundo Lima\/Vatican News<\/b><\/p>\n<\/div>\n","protected":false},"excerpt":{"rendered":"<p>&#8220;Come\u00e7amos o Ano Novo colocando-nos sob o olhar materno e amoroso de Maria Sant\u00edssima, que a liturgia hoje celebra como a M\u00e3e de Deus&#8221;, disse Francisco no Angelus, recordando que &#8220;os dolorosos acontecimentos que marcaram o caminho da humanidade no ano transcorrido, especialmente a pandemia, nos ensinam como \u00e9 necess\u00e1rio interessar-se pelos problemas dos outros&nbsp;<\/p>\n<p><a class=\"btn btn-style\" href=\"https:\/\/portalcatolico.net\/portal\/o-papa-que-2021-seja-um-ano-de-solidariedade-fraterna-e-de-paz-para-todos\/\">Continue Reading<\/a><\/p>\n","protected":false},"author":2,"featured_media":71007,"comment_status":"open","ping_status":"open","sticky":false,"template":"","format":"standard","meta":{"footnotes":""},"categories":[5],"tags":[],"class_list":["post-71006","post","type-post","status-publish","format-standard","has-post-thumbnail","hentry","category-igreja_no_mundo"],"_links":{"self":[{"href":"https:\/\/portalcatolico.net\/portal\/wp-json\/wp\/v2\/posts\/71006","targetHints":{"allow":["GET"]}}],"collection":[{"href":"https:\/\/portalcatolico.net\/portal\/wp-json\/wp\/v2\/posts"}],"about":[{"href":"https:\/\/portalcatolico.net\/portal\/wp-json\/wp\/v2\/types\/post"}],"author":[{"embeddable":true,"href":"https:\/\/portalcatolico.net\/portal\/wp-json\/wp\/v2\/users\/2"}],"replies":[{"embeddable":true,"href":"https:\/\/portalcatolico.net\/portal\/wp-json\/wp\/v2\/comments?post=71006"}],"version-history":[{"count":2,"href":"https:\/\/portalcatolico.net\/portal\/wp-json\/wp\/v2\/posts\/71006\/revisions"}],"predecessor-version":[{"id":71009,"href":"https:\/\/portalcatolico.net\/portal\/wp-json\/wp\/v2\/posts\/71006\/revisions\/71009"}],"wp:featuredmedia":[{"embeddable":true,"href":"https:\/\/portalcatolico.net\/portal\/wp-json\/wp\/v2\/media\/71007"}],"wp:attachment":[{"href":"https:\/\/portalcatolico.net\/portal\/wp-json\/wp\/v2\/media?parent=71006"}],"wp:term":[{"taxonomy":"category","embeddable":true,"href":"https:\/\/portalcatolico.net\/portal\/wp-json\/wp\/v2\/categories?post=71006"},{"taxonomy":"post_tag","embeddable":true,"href":"https:\/\/portalcatolico.net\/portal\/wp-json\/wp\/v2\/tags?post=71006"}],"curies":[{"name":"wp","href":"https:\/\/api.w.org\/{rel}","templated":true}]}}