{"id":71001,"date":"2020-12-30T21:25:42","date_gmt":"2020-12-31T00:25:42","guid":{"rendered":"http:\/\/portalcatolico.net\/portal\/?p=71001"},"modified":"2021-01-01T10:55:47","modified_gmt":"2021-01-01T13:55:47","slug":"padre-pio-morre-vitima-da-covid-19","status":"publish","type":"post","link":"https:\/\/portalcatolico.net\/portal\/padre-pio-morre-vitima-da-covid-19\/","title":{"rendered":"Padre Pio morre v\u00edtima da Covid-19."},"content":{"rendered":"<div>Faleceu hoje, 30 de dezembro, o Padre Francisco Pio Dantas, v\u00edtima de parada respirat\u00f3ria, por consequ\u00eancias agravadas da Covid-19.<\/div>\n<div>O confrade estava hospitalizado em Eun\u00e1polis (BA), no hospital que atende \u00e0s v\u00edtimas da Covid- 19.<\/div>\n<div>Padre Francisco era da Congrega\u00e7\u00e3o dos Padres Palotinos &nbsp;foi p\u00e1roco de Mascote e Para\u00edso e atualmente, estava atuando como Vig\u00e1rio Paroquial na Par\u00f3quia S\u00e3o Sebasti\u00e3o em Camacan. Padre Pio nasceu em 12 de junho de 1943.<\/div>\n<div dir=\"auto\">\n<p>Nas redes sociais, o Semin\u00e1rio Palotino M\u00e3e do Divino Amor de Curitiba, lamentou o falecimento de Padre Pio: &#8220;Com pesar comunicamos o falecimento do nosso querido Padre Francisco Pio Dantas, SAC.&nbsp;Louvamos a Deus pela sua vida e sua miss\u00e3o em favor dos irm\u00e3os! Olhe por n\u00f3s do c\u00e9u, querido confrade, amigo, companheiro. Rezemos por sua alma&#8221;.<\/p>\n<div dir=\"auto\">O Bispo da Diocese de Ilh\u00e9us, Dom Mauro Montagnoli, tamb\u00e9m deixou uma mensagem nas redes sociais. Ele disse: &#8220;Padre Pio deixa-nos um exemplo de vida muito bonito. Um padre zeloso, cuidadoso, principalmente, dos mais pobres, dos mais humildes. Padre Pio era uma simpatia, sempre alegre, sempre dispon\u00edvel. Ele nos deixa bom exemplo de padre zeloso, fervoroso. Que Deus o tenha, que Deus lhe d\u00ea o descanso eterno e o pr\u00eamio dos justos&#8221;.<\/div>\n<\/div>\n","protected":false},"excerpt":{"rendered":"<p>Faleceu hoje, 30 de dezembro, o Padre Francisco Pio Dantas, v\u00edtima de parada respirat\u00f3ria, por consequ\u00eancias agravadas da Covid-19. O confrade estava hospitalizado em Eun\u00e1polis (BA), no hospital que atende \u00e0s v\u00edtimas da Covid- 19. Padre Francisco era da Congrega\u00e7\u00e3o dos Padres Palotinos &nbsp;foi p\u00e1roco de Mascote e Para\u00edso e atualmente, estava atuando como Vig\u00e1rio&nbsp;<\/p>\n<p><a class=\"btn btn-style\" href=\"https:\/\/portalcatolico.net\/portal\/padre-pio-morre-vitima-da-covid-19\/\">Continue Reading<\/a><\/p>\n","protected":false},"author":2,"featured_media":71004,"comment_status":"open","ping_status":"open","sticky":false,"template":"","format":"standard","meta":{"footnotes":""},"categories":[4],"tags":[],"class_list":["post-71001","post","type-post","status-publish","format-standard","has-post-thumbnail","hentry","category-destaques"],"_links":{"self":[{"href":"https:\/\/portalcatolico.net\/portal\/wp-json\/wp\/v2\/posts\/71001","targetHints":{"allow":["GET"]}}],"collection":[{"href":"https:\/\/portalcatolico.net\/portal\/wp-json\/wp\/v2\/posts"}],"about":[{"href":"https:\/\/portalcatolico.net\/portal\/wp-json\/wp\/v2\/types\/post"}],"author":[{"embeddable":true,"href":"https:\/\/portalcatolico.net\/portal\/wp-json\/wp\/v2\/users\/2"}],"replies":[{"embeddable":true,"href":"https:\/\/portalcatolico.net\/portal\/wp-json\/wp\/v2\/comments?post=71001"}],"version-history":[{"count":2,"href":"https:\/\/portalcatolico.net\/portal\/wp-json\/wp\/v2\/posts\/71001\/revisions"}],"predecessor-version":[{"id":71005,"href":"https:\/\/portalcatolico.net\/portal\/wp-json\/wp\/v2\/posts\/71001\/revisions\/71005"}],"wp:featuredmedia":[{"embeddable":true,"href":"https:\/\/portalcatolico.net\/portal\/wp-json\/wp\/v2\/media\/71004"}],"wp:attachment":[{"href":"https:\/\/portalcatolico.net\/portal\/wp-json\/wp\/v2\/media?parent=71001"}],"wp:term":[{"taxonomy":"category","embeddable":true,"href":"https:\/\/portalcatolico.net\/portal\/wp-json\/wp\/v2\/categories?post=71001"},{"taxonomy":"post_tag","embeddable":true,"href":"https:\/\/portalcatolico.net\/portal\/wp-json\/wp\/v2\/tags?post=71001"}],"curies":[{"name":"wp","href":"https:\/\/api.w.org\/{rel}","templated":true}]}}