{"id":70998,"date":"2020-12-30T21:14:41","date_gmt":"2020-12-31T00:14:41","guid":{"rendered":"http:\/\/portalcatolico.net\/portal\/?p=70998"},"modified":"2020-12-30T21:14:41","modified_gmt":"2020-12-31T00:14:41","slug":"aracaju-celebra-111-anos-de-criacao-da-diocese","status":"publish","type":"post","link":"https:\/\/portalcatolico.net\/portal\/aracaju-celebra-111-anos-de-criacao-da-diocese\/","title":{"rendered":"Aracaju celebra 111 anos de cria\u00e7\u00e3o da Diocese"},"content":{"rendered":"<p><em>Igreja particular foi criada pelo ent\u00e3o Papa S\u00e3o Pio X<\/em><\/p>\n<p>O primeiro domingo de 2021, Solenidade da Epifania do Senhor, tamb\u00e9m marca os 111 anos da cria\u00e7\u00e3o da diocese de Aracaju. At\u00e9 o dia 3 de janeiro de 1910, a Igreja que estava na prov\u00edncia de Sergipe Del\u2019Rei era vinculada a Arquidiocese de S\u00e3o Salvador da Bahia.<\/p>\n<p>O desmembramento ocorreu atrav\u00e9s da bula Divina Disponente Clementia do Papa S\u00e3o Pio X. A instala\u00e7\u00e3o da diocese, que abrangia todo o Estado de Sergipe, se deu no dia 4 de dezembro de 1911, com a posse solene do seu 1\u00ba bispo, dom Jos\u00e9 Thomaz Gomes da Silva.<\/p>\n<p>Com informa\u00e7\u00f5es e foto da Arquidiocese de Aracaju<\/p>\n","protected":false},"excerpt":{"rendered":"<p>Igreja particular foi criada pelo ent\u00e3o Papa S\u00e3o Pio X O primeiro domingo de 2021, Solenidade da Epifania do Senhor, tamb\u00e9m marca os 111 anos da cria\u00e7\u00e3o da diocese de Aracaju. At\u00e9 o dia 3 de janeiro de 1910, a Igreja que estava na prov\u00edncia de Sergipe Del\u2019Rei era vinculada a Arquidiocese de S\u00e3o Salvador&nbsp;<\/p>\n<p><a class=\"btn btn-style\" href=\"https:\/\/portalcatolico.net\/portal\/aracaju-celebra-111-anos-de-criacao-da-diocese\/\">Continue Reading<\/a><\/p>\n","protected":false},"author":2,"featured_media":70999,"comment_status":"open","ping_status":"open","sticky":false,"template":"","format":"standard","meta":{"footnotes":""},"categories":[3],"tags":[],"class_list":["post-70998","post","type-post","status-publish","format-standard","has-post-thumbnail","hentry","category-noticias_regionais"],"_links":{"self":[{"href":"https:\/\/portalcatolico.net\/portal\/wp-json\/wp\/v2\/posts\/70998","targetHints":{"allow":["GET"]}}],"collection":[{"href":"https:\/\/portalcatolico.net\/portal\/wp-json\/wp\/v2\/posts"}],"about":[{"href":"https:\/\/portalcatolico.net\/portal\/wp-json\/wp\/v2\/types\/post"}],"author":[{"embeddable":true,"href":"https:\/\/portalcatolico.net\/portal\/wp-json\/wp\/v2\/users\/2"}],"replies":[{"embeddable":true,"href":"https:\/\/portalcatolico.net\/portal\/wp-json\/wp\/v2\/comments?post=70998"}],"version-history":[{"count":1,"href":"https:\/\/portalcatolico.net\/portal\/wp-json\/wp\/v2\/posts\/70998\/revisions"}],"predecessor-version":[{"id":71000,"href":"https:\/\/portalcatolico.net\/portal\/wp-json\/wp\/v2\/posts\/70998\/revisions\/71000"}],"wp:featuredmedia":[{"embeddable":true,"href":"https:\/\/portalcatolico.net\/portal\/wp-json\/wp\/v2\/media\/70999"}],"wp:attachment":[{"href":"https:\/\/portalcatolico.net\/portal\/wp-json\/wp\/v2\/media?parent=70998"}],"wp:term":[{"taxonomy":"category","embeddable":true,"href":"https:\/\/portalcatolico.net\/portal\/wp-json\/wp\/v2\/categories?post=70998"},{"taxonomy":"post_tag","embeddable":true,"href":"https:\/\/portalcatolico.net\/portal\/wp-json\/wp\/v2\/tags?post=70998"}],"curies":[{"name":"wp","href":"https:\/\/api.w.org\/{rel}","templated":true}]}}