{"id":70995,"date":"2020-12-30T21:10:09","date_gmt":"2020-12-31T00:10:09","guid":{"rendered":"http:\/\/portalcatolico.net\/portal\/?p=70995"},"modified":"2020-12-30T21:10:09","modified_gmt":"2020-12-31T00:10:09","slug":"2021-ano-da-eucaristia-no-paraguai","status":"publish","type":"post","link":"https:\/\/portalcatolico.net\/portal\/2021-ano-da-eucaristia-no-paraguai\/","title":{"rendered":"2021, Ano da Eucaristia no Paraguai"},"content":{"rendered":"<div class=\"article__subTitle\">Os bispos paraguaios publicaram a Carta Pastoral para o Ano da Eucaristia onde fazem um chamado ao \u201camadurecimento\u201d na f\u00e9, na vida comunit\u00e1ria, na cultura do di\u00e1logo, na resolu\u00e7\u00e3o dos conflitos e em atitudes que estimulem o compromisso e a participa\u00e7\u00e3o.<\/div>\n<div>&nbsp;<\/div>\n<div class=\"title__separator\">\n<p>\u201cReconheceram-no ao partir o P\u00e3o\u201d \u00e9 o tema do Ano da Eucaristia convocado pela Confer\u00eancia Episcopal do Paraguai (CEP) para 2021, para mergulhar os fi\u00e9is no conhecimento, na celebra\u00e7\u00e3o, na adora\u00e7\u00e3o e na experi\u00eancia da presen\u00e7a viva e real do Senhor, que nos presenteia com o Sacramento da Eucaristia. Em uma Carta Pastoral, os bispos paraguaios falam da \u201cfome e sede\u201d de integra\u00e7\u00e3o, justi\u00e7a social, ecologia, di\u00e1logo, educa\u00e7\u00e3o e uma vida crist\u00e3 mais significativa.<\/p>\n<p><strong>Momento de concretizar o grande ideal de solidariedade&nbsp;<\/strong><\/p>\n<p>Um ano dedicado \u00e0 Eucaristia, que d\u00e1 continuidade ao Ano da Palavra e que, n\u00e3o obstante a pandemia &#8211; cujas limita\u00e7\u00f5es sanit\u00e1rias incidiram precisamente no Sacramento da Comunh\u00e3o pela suspens\u00e3o das Missas presenciais &#8211; para os bispos paraguaios \u00e9 mais oportuno do que nunca, porque o contexto da crise social e econ\u00f4mica deve ser o momento de concretizar o grande ideal de solidariedade a que o Senhor nos chama, isto \u00e9, de partilhar \u201co que somos e o que temos\u201d.<\/p>\n<p>\u201cEste tempo de pandemia nos convida a tomar consci\u00eancia de que em nossa sociedade fragmentada e polarizada, h\u00e1 fomes a serem saciadas: a fome por uma vida digna, por terra, teto e trabalho, a fome por justi\u00e7a e paz, por educa\u00e7\u00e3o e sa\u00fade, a fome de ser parte de uma comunidade honesta, fraterna, solid\u00e1ria, fome de fam\u00edlia, de reconcilia\u00e7\u00e3o, de di\u00e1logo, de respeito, de seguran\u00e7a &#8230; H\u00e1 tamb\u00e9m uma fome de sentido da vida, uma fome insaci\u00e1vel que busca o incorrupt\u00edvel, o eterno\u201d, diz a Confer\u00eancia Episcopal.<\/p>\n<p>Os bispos paraguaios observam que se a vida da Igreja \u00e9 comunh\u00e3o, ent\u00e3o o projeto de Deus nos abre \u00e0 solidariedade com toda a cria\u00e7\u00e3o e compromete cada crist\u00e3o n\u00e3o somente com a realidade local, mas tamb\u00e9m \u201ccom aquele mundo melhor, livre de viol\u00eancia, de corrup\u00e7\u00e3o, de ideologias e de v\u00edcios que matam, enganam, pervertem e prejudicam\u201d.<\/p>\n<p>Eles tamb\u00e9m alertam que \u00e9 necess\u00e1rio unir-se e avan\u00e7ar propostas, a\u00e7\u00f5es e projetos que gerem uma &#8220;nova consci\u00eancia&#8221; e uma nova pr\u00e1tica ecol\u00f3gica, &#8220;superando os modelos de consumo, de autossufici\u00eancia ego\u00edsta, de explora\u00e7\u00e3o sem crit\u00e9rios e de lucro excessivo&#8221;.<\/p>\n<p><strong>Poder curador da Eucaristia<\/strong><\/p>\n<p>\u201cSabemos dos desequil\u00edbrios sociais e ambientais em que vivemos, mas nossa consci\u00eancia sofre uma grave cegueira e uma nega\u00e7\u00e3o que agravam os problemas. A pandemia deixa um balan\u00e7o de feridas e traumas: desemprego, viol\u00eancias, ang\u00fastia, depress\u00e3o, suic\u00eddios, &#8230; O pessoal de sa\u00fade est\u00e1 exausto. O mundo da educa\u00e7\u00e3o est\u00e1 muito afetado, tanto alunos quanto educadores. Neste contexto, conv\u00e9m sublinhar o &#8216;poder curador&#8217; da Eucaristia, que restaura e cura porque nos reabre ao amor universal\u201d, sublinham os bispos.<\/p>\n<p>Com efeito, nas sete p\u00e1ginas do documento \u00e9 sublinhado o sentido e a import\u00e2ncia da Eucaristia, sinal sacramental que ajuda a conhecer verdadeiramente Jesus: \u201cA Eucaristia abre-nos a todas as dimens\u00f5es do Mist\u00e9rio de Jesus\u201d; \u201cNa celebra\u00e7\u00e3o eucar\u00edstica, n\u00e3o somente o passado se torna atual, mas tamb\u00e9m o futuro se anuncia e se antecipa na \u00faltima vinda de Cristo, princ\u00edpio e fim de toda a cria\u00e7\u00e3o\u201d; \u201cDeus faz comunh\u00e3o conosco e quer que vivamos essa comunh\u00e3o entre n\u00f3s\u201d; \u201cEstar unido ao Corpo de Cristo na celebra\u00e7\u00e3o eucar\u00edstica \u00e9 am\u00e1-lo na fam\u00edlia, na comunidade, na sociedade, em quem sofre\u201d; e, sobretudo, \u201ca liturgia do Corpo de Cristo, a Igreja, \u00e9 insepar\u00e1vel do servi\u00e7o na vida quotidiana e na a\u00e7\u00e3o social.<\/p>\n<p><strong>Orienta\u00e7\u00f5es pastorais<\/strong><\/p>\n<p>A Carta Pastoral dedica sua parte final \u00e0s &#8220;orienta\u00e7\u00f5es pastorais&#8221;, ou seja, uma s\u00e9rie de orienta\u00e7\u00f5es e linhas de anima\u00e7\u00e3o pastoral durante o Ano da Eucaristia e que surgem da &#8220;fome e sede&#8221; sofrida pelo povo paraguaio. Em primeiro lugar, \u201cH\u00e1 fome e sede de uma vida digna\u201d que v\u00ea a necessidade de erradicar a pobreza diante de tantas fam\u00edlias que t\u00eam que dedicar grande parte de seu tempo e energia para obter uma alimenta\u00e7\u00e3o deficiente e insuficiente.<\/p>\n<p>Segue a \u201cfome e sede de integra\u00e7\u00e3o na sociedade, da incultura\u00e7\u00e3o do Evangelho, de forma\u00e7\u00e3o que n\u00e3o se esgota na catequese da Primeira Comunh\u00e3o, mas continua at\u00e9 formar\u201c crist\u00e3os maduros, adultos na f\u00e9, que saibam responder \u00e0 sua f\u00e9 na cultura e nos desafios de hoje\u201d.<\/p>\n<p>\u201cH\u00e1 fome e sede de participa\u00e7\u00e3o\u201d, afirmam os bispos ao falar dos fi\u00e9is que \u201cse acomodam\u201d passivamente na vida comunit\u00e1ria. \u201cH\u00e1 fome e sede de presen\u00e7a\u201d que \u00e9 uma dimens\u00e3o essencial da f\u00e9 e da miss\u00e3o como Igreja e \u201ch\u00e1 fome e sede de uma vida crist\u00e3 mais significativa e isto &#8211; dizem os bispos &#8211; n\u00e3o tem outro nome sen\u00e3o santidade\u201d.<\/p>\n<p>\u201cTodos temos necessidade de amadurecer na cultura do di\u00e1logo, na resolu\u00e7\u00e3o de conflitos, no sentido de comunidade e em estilos de lideran\u00e7a que promovam o compromisso, a participa\u00e7\u00e3o, os processos de tomada de decis\u00e3o com sentido eclesial\u201d, sublinham os bispos.<\/p>\n<p><strong>Chamado \u00e0 santidade<\/strong><\/p>\n<p>Os bispos expressam seu desejo de que cada pastor e sacerdote, consagrado e leigo &#8220;redescubra a sua voca\u00e7\u00e3o no \u00fanico Corpo de Cristo&#8221;, cada um no seu minist\u00e9rio e miss\u00e3o, com os seus talentos e carismas.<\/p>\n<p>\u201cNeste Ano da Eucaristia &#8211; escrevem &#8211; desejamos que o ardor apost\u00f3lico dos bispos se renove\u201d, que \u201ca fam\u00edlia se fa\u00e7a Igreja e recupere a sua beleza\u201d e que \u201ctodos os fi\u00e9is descubram o dom eucar\u00edstico com a sua gra\u00e7a que nos leva a ser santos na vida cotidiana do mundo, na profiss\u00e3o e ocupa\u00e7\u00e3o de cada um, seja crian\u00e7a, jovem, adulto ou idoso\u201d.<\/p>\n<p>Por fim, na convocat\u00f3ria para o Ano Eucar\u00edstico de 2021, a CEP prop\u00f5e a celebra\u00e7\u00e3o de um Congresso Eucar\u00edstico Nacional em Caacup\u00e9, em 24 de outubro de 2021, precedido por Congressos diocesanos a serem celebrados por ocasi\u00e3o da festa de&nbsp;<i>Corpus Christi<\/i>&nbsp;(3 de junho). Essas e outras atividades acompanhar\u00e3o o 52\u00ba Congresso Eucar\u00edstico Internacional que se realizar\u00e1 em Budapeste de 5 a 12 de setembro de 2021.<\/p>\n<\/div>\n<div class=\"article__text \">\n<p><b>Por:Alina Tufani \u2013 Vatican News<\/b><\/p>\n<\/div>\n","protected":false},"excerpt":{"rendered":"<p>Os bispos paraguaios publicaram a Carta Pastoral para o Ano da Eucaristia onde fazem um chamado ao \u201camadurecimento\u201d na f\u00e9, na vida comunit\u00e1ria, na cultura do di\u00e1logo, na resolu\u00e7\u00e3o dos conflitos e em atitudes que estimulem o compromisso e a participa\u00e7\u00e3o. &nbsp; \u201cReconheceram-no ao partir o P\u00e3o\u201d \u00e9 o tema do Ano da Eucaristia convocado&nbsp;<\/p>\n<p><a class=\"btn btn-style\" href=\"https:\/\/portalcatolico.net\/portal\/2021-ano-da-eucaristia-no-paraguai\/\">Continue Reading<\/a><\/p>\n","protected":false},"author":2,"featured_media":70996,"comment_status":"open","ping_status":"open","sticky":false,"template":"","format":"standard","meta":{"footnotes":""},"categories":[5],"tags":[],"class_list":["post-70995","post","type-post","status-publish","format-standard","has-post-thumbnail","hentry","category-igreja_no_mundo"],"_links":{"self":[{"href":"https:\/\/portalcatolico.net\/portal\/wp-json\/wp\/v2\/posts\/70995","targetHints":{"allow":["GET"]}}],"collection":[{"href":"https:\/\/portalcatolico.net\/portal\/wp-json\/wp\/v2\/posts"}],"about":[{"href":"https:\/\/portalcatolico.net\/portal\/wp-json\/wp\/v2\/types\/post"}],"author":[{"embeddable":true,"href":"https:\/\/portalcatolico.net\/portal\/wp-json\/wp\/v2\/users\/2"}],"replies":[{"embeddable":true,"href":"https:\/\/portalcatolico.net\/portal\/wp-json\/wp\/v2\/comments?post=70995"}],"version-history":[{"count":1,"href":"https:\/\/portalcatolico.net\/portal\/wp-json\/wp\/v2\/posts\/70995\/revisions"}],"predecessor-version":[{"id":70997,"href":"https:\/\/portalcatolico.net\/portal\/wp-json\/wp\/v2\/posts\/70995\/revisions\/70997"}],"wp:featuredmedia":[{"embeddable":true,"href":"https:\/\/portalcatolico.net\/portal\/wp-json\/wp\/v2\/media\/70996"}],"wp:attachment":[{"href":"https:\/\/portalcatolico.net\/portal\/wp-json\/wp\/v2\/media?parent=70995"}],"wp:term":[{"taxonomy":"category","embeddable":true,"href":"https:\/\/portalcatolico.net\/portal\/wp-json\/wp\/v2\/categories?post=70995"},{"taxonomy":"post_tag","embeddable":true,"href":"https:\/\/portalcatolico.net\/portal\/wp-json\/wp\/v2\/tags?post=70995"}],"curies":[{"name":"wp","href":"https:\/\/api.w.org\/{rel}","templated":true}]}}