{"id":70992,"date":"2020-12-31T12:46:28","date_gmt":"2020-12-31T15:46:28","guid":{"rendered":"http:\/\/portalcatolico.net\/portal\/?p=70992"},"modified":"2020-12-30T19:47:08","modified_gmt":"2020-12-30T22:47:08","slug":"acompanhe-a-abertura-oficial-da-porta-santa-do-jubileu-em-eunapolis","status":"publish","type":"post","link":"https:\/\/portalcatolico.net\/portal\/acompanhe-a-abertura-oficial-da-porta-santa-do-jubileu-em-eunapolis\/","title":{"rendered":"Acompanhe a abertura oficial da Porta Santa do Jubileu em Eun\u00e1polis"},"content":{"rendered":"<p>A abertura oficial da Porta Santa do Jubileu&nbsp;&nbsp;acontecer\u00e1 na Catedral Diocesana Nossa Senhora Auxiliadora na cidade de Eun\u00e1polis (BA), no extremo sul da Bahia, no pr\u00f3ximo dia 02 de janeiro de 2021 (s\u00e1bado), com&nbsp;in\u00edcio \u00e0s 16h, com transmiss\u00e3o online. N\u00e3o esque\u00e7a de se inscrever no&nbsp; canal da diocese de Eun\u00e1polis e ative as notifica\u00e7\u00f5es.<br \/>\nA celebra\u00e7\u00e3o vai contar com a presid\u00eancia de Dom Jos\u00e9 Edson Santana Oliveira, bispo da diocese&nbsp;de Eun\u00e1polis.<\/p>\n<p>A Diocese de Eun\u00e1polis, situada no extremo sul da Bahia, foi criada no&nbsp;dia 12 de junho de 1996, pelo Papa Jo\u00e3o Paulo II.&nbsp; A Diocese \u00e9&nbsp; composta por nove munic\u00edpios, s\u00e3o eles:&nbsp; Itapebi, Itagimirim, Eun\u00e1polis, Itabela,&nbsp;Guaratinga, Porto Seguro, Santa Cruz Cabr\u00e1lia e Belmonte.<br \/>\nA Diocese de Eun\u00e1polis est\u00e1 sediada no munic\u00edpio e cidade de Eun\u00e1polis e&nbsp;tem como padroeira Nossa Senhora Auxiliadora. A sua festa \u00e9 comemorada em 24 de maio.<br \/>\nEm 8 de dezembro de 1985, Eun\u00e1polis tornava-se Par\u00f3quia, juntamente com&nbsp;Guaratinga, e no dia 12 de junho de 1996, sede da nova diocese, a Diocese de Eun\u00e1polis, cujo territ\u00f3rio, desmembrado das dioceses de&nbsp;Ilh\u00e9us e Teixeira de Freitas.<\/p>\n<p>Conhe\u00e7a a diocese de Eun\u00e1polis em seu site oficial:&nbsp;<a href=\"https:\/\/www.diocesedeeunapolis.org\/documentos\" target=\"_blank\" rel=\"noopener noreferrer\">https:\/\/www.diocesedeeunapolis.org\/documentos<\/a><\/p>\n<p>Informa\u00e7\u00f5es e foto: Diocese de Eun\u00e1polis<\/p>\n<p>Edi\u00e7\u00e3o e adapta\u00e7\u00e3o de texto: Reda\u00e7\u00e3o\/Portal Catolico.Net<\/p>\n","protected":false},"excerpt":{"rendered":"<p>A abertura oficial da Porta Santa do Jubileu&nbsp;&nbsp;acontecer\u00e1 na Catedral Diocesana Nossa Senhora Auxiliadora na cidade de Eun\u00e1polis (BA), no extremo sul da Bahia, no pr\u00f3ximo dia 02 de janeiro de 2021 (s\u00e1bado), com&nbsp;in\u00edcio \u00e0s 16h, com transmiss\u00e3o online. N\u00e3o esque\u00e7a de se inscrever no&nbsp; canal da diocese de Eun\u00e1polis e ative as notifica\u00e7\u00f5es. A&nbsp;<\/p>\n<p><a class=\"btn btn-style\" href=\"https:\/\/portalcatolico.net\/portal\/acompanhe-a-abertura-oficial-da-porta-santa-do-jubileu-em-eunapolis\/\">Continue Reading<\/a><\/p>\n","protected":false},"author":2,"featured_media":70993,"comment_status":"open","ping_status":"open","sticky":false,"template":"","format":"standard","meta":{"footnotes":""},"categories":[4],"tags":[],"class_list":["post-70992","post","type-post","status-publish","format-standard","has-post-thumbnail","hentry","category-destaques"],"_links":{"self":[{"href":"https:\/\/portalcatolico.net\/portal\/wp-json\/wp\/v2\/posts\/70992","targetHints":{"allow":["GET"]}}],"collection":[{"href":"https:\/\/portalcatolico.net\/portal\/wp-json\/wp\/v2\/posts"}],"about":[{"href":"https:\/\/portalcatolico.net\/portal\/wp-json\/wp\/v2\/types\/post"}],"author":[{"embeddable":true,"href":"https:\/\/portalcatolico.net\/portal\/wp-json\/wp\/v2\/users\/2"}],"replies":[{"embeddable":true,"href":"https:\/\/portalcatolico.net\/portal\/wp-json\/wp\/v2\/comments?post=70992"}],"version-history":[{"count":1,"href":"https:\/\/portalcatolico.net\/portal\/wp-json\/wp\/v2\/posts\/70992\/revisions"}],"predecessor-version":[{"id":70994,"href":"https:\/\/portalcatolico.net\/portal\/wp-json\/wp\/v2\/posts\/70992\/revisions\/70994"}],"wp:featuredmedia":[{"embeddable":true,"href":"https:\/\/portalcatolico.net\/portal\/wp-json\/wp\/v2\/media\/70993"}],"wp:attachment":[{"href":"https:\/\/portalcatolico.net\/portal\/wp-json\/wp\/v2\/media?parent=70992"}],"wp:term":[{"taxonomy":"category","embeddable":true,"href":"https:\/\/portalcatolico.net\/portal\/wp-json\/wp\/v2\/categories?post=70992"},{"taxonomy":"post_tag","embeddable":true,"href":"https:\/\/portalcatolico.net\/portal\/wp-json\/wp\/v2\/tags?post=70992"}],"curies":[{"name":"wp","href":"https:\/\/api.w.org\/{rel}","templated":true}]}}