{"id":70989,"date":"2020-12-31T00:40:31","date_gmt":"2020-12-31T03:40:31","guid":{"rendered":"http:\/\/portalcatolico.net\/portal\/?p=70989"},"modified":"2020-12-30T19:41:13","modified_gmt":"2020-12-30T22:41:13","slug":"paroquia-de-pindamonhangaba-realiza-folia-de-reis-motorizada","status":"publish","type":"post","link":"https:\/\/portalcatolico.net\/portal\/paroquia-de-pindamonhangaba-realiza-folia-de-reis-motorizada\/","title":{"rendered":"Par\u00f3quia de Pindamonhangaba realiza Folia de Reis &#8220;motorizada&#8221;"},"content":{"rendered":"<p><i>Sem poder visitar as casas durante a pandemia, cat\u00f3licos fazem apresenta\u00e7\u00e3o natalina &#8220;sobre rodas&#8221; em 12 bairros do munic\u00edpio<\/i><\/p>\n<p style=\"font-weight: 400;\">A tradi\u00e7\u00e3o da Folia de Reis ganha nova roupagem na Par\u00f3quia de S\u00e3o Vicente de Paulo, em Moreira C\u00e9sar, distrito de Pindamonhangaba (SP). Com a pandemia do novo coronav\u00edrus, o grupo de reisado n\u00e3o vai realizar a tradicional visita \u00e0s casas do distrito. Desta vez, os personagens do pres\u00e9pio v\u00e3o seguir em carro aberto pelas ruas, interagindo a dist\u00e2ncia com os moradores. A Folia de Reis &#8220;motorizada&#8221; acontece no pr\u00f3ximo domingo (03), a partir das 14h, com sa\u00edda da Capela Cristo Rei, no bairro do Taipas.<\/p>\n<p style=\"font-weight: 400;\">&#8220;Tivemos que reinventar nossas formas de evangelizar durante a pandemia. Por isso mesmo pensamos nesta nova forma de trazer os foli\u00f5es para as ruas, mas mantendo a seguran\u00e7a e a sa\u00fade deles e dos fi\u00e9is&#8221;, explica o administrador da Par\u00f3quia S\u00e3o Vicente de Paulo, padre Gabriel Henrique de Castro.<\/p>\n<p style=\"font-weight: 400;\">Ao longo do trajeto, composto por 12 bairros, can\u00e7\u00f5es natalinas ser\u00e3o executadas ao som da sanfona, viol\u00e3o e instrumentos t\u00edpicos da comemora\u00e7\u00e3o de Reis. As grava\u00e7\u00f5es musicais foram feitas pelo pr\u00f3prio grupo, composto por pessoas ligadas \u00e0 par\u00f3quia. Al\u00e9m dos m\u00fasicos, participam tamb\u00e9m fi\u00e9is caracterizados com personagens b\u00edblicos como a Virgem Maria, S\u00e3o Jos\u00e9 e os Reis Magos.<\/p>\n<p style=\"font-weight: 400;\">Depois de quase duas d\u00e9cadas sem atividades, o grupo de Folia de Reis de Moreira C\u00e9sar teve suas atividades reativadas em 2019. Na edi\u00e7\u00e3o passada, os componentes do reisado visitaram centenas de casas no distrito de Moreira C\u00e9sar. Enquanto os m\u00fasicos cantavam na porta das resid\u00eancias, o sacerdote passava pela casa aben\u00e7oando os c\u00f4modos. Desta vez, a b\u00ean\u00e7\u00e3o tamb\u00e9m vai acontecer, mas agora da pr\u00f3pria rua.<\/p>\n<p style=\"font-weight: 400;\">&#8220;\u00c9 uma forma de recordar as pessoas que o Menino que nasceu em Bel\u00e9m tamb\u00e9m \u00e9 sinal de nossa esperan\u00e7a. E \u00e9 esse sentimento que queremos ter neste novo ano que se inicia: confiando em Deus e fazendo a nossa parte, teremos dias melhores&#8221;, assinala o vig\u00e1rio paroquial, padre Marcelo Em\u00eddio.<\/p>\n<p style=\"font-weight: 400;\">Al\u00e9m da passagem do grupo pelas ruas, desde a \u00faltima segunda-feira (28) as apresenta\u00e7\u00f5es da Folia de Reis est\u00e3o acontecendo nas capelas que comp\u00f5em a Par\u00f3quia. O acesso \u00e9 controlado e limitado \u00e0 capacidade dos templos. O calend\u00e1rio completo das apresenta\u00e7\u00f5es pode ser conferido em&nbsp;<a href=\"http:\/\/facebook.com\/pascomsvp\">facebook.com\/pascomsvp<\/a>.<\/p>\n<p><b>Texto: Pascom- Par\u00f3quia S\u00e3o Vicente de Paulo<\/b><\/p>\n<p><i>Foto: Divulga\u00e7\u00e3o \/ PASCOM PSVP<\/i><\/p>\n","protected":false},"excerpt":{"rendered":"<p>Sem poder visitar as casas durante a pandemia, cat\u00f3licos fazem apresenta\u00e7\u00e3o natalina &#8220;sobre rodas&#8221; em 12 bairros do munic\u00edpio A tradi\u00e7\u00e3o da Folia de Reis ganha nova roupagem na Par\u00f3quia de S\u00e3o Vicente de Paulo, em Moreira C\u00e9sar, distrito de Pindamonhangaba (SP). Com a pandemia do novo coronav\u00edrus, o grupo de reisado n\u00e3o vai realizar&nbsp;<\/p>\n<p><a class=\"btn btn-style\" href=\"https:\/\/portalcatolico.net\/portal\/paroquia-de-pindamonhangaba-realiza-folia-de-reis-motorizada\/\">Continue Reading<\/a><\/p>\n","protected":false},"author":2,"featured_media":70990,"comment_status":"open","ping_status":"open","sticky":false,"template":"","format":"standard","meta":{"footnotes":""},"categories":[4],"tags":[],"class_list":["post-70989","post","type-post","status-publish","format-standard","has-post-thumbnail","hentry","category-destaques"],"_links":{"self":[{"href":"https:\/\/portalcatolico.net\/portal\/wp-json\/wp\/v2\/posts\/70989","targetHints":{"allow":["GET"]}}],"collection":[{"href":"https:\/\/portalcatolico.net\/portal\/wp-json\/wp\/v2\/posts"}],"about":[{"href":"https:\/\/portalcatolico.net\/portal\/wp-json\/wp\/v2\/types\/post"}],"author":[{"embeddable":true,"href":"https:\/\/portalcatolico.net\/portal\/wp-json\/wp\/v2\/users\/2"}],"replies":[{"embeddable":true,"href":"https:\/\/portalcatolico.net\/portal\/wp-json\/wp\/v2\/comments?post=70989"}],"version-history":[{"count":1,"href":"https:\/\/portalcatolico.net\/portal\/wp-json\/wp\/v2\/posts\/70989\/revisions"}],"predecessor-version":[{"id":70991,"href":"https:\/\/portalcatolico.net\/portal\/wp-json\/wp\/v2\/posts\/70989\/revisions\/70991"}],"wp:featuredmedia":[{"embeddable":true,"href":"https:\/\/portalcatolico.net\/portal\/wp-json\/wp\/v2\/media\/70990"}],"wp:attachment":[{"href":"https:\/\/portalcatolico.net\/portal\/wp-json\/wp\/v2\/media?parent=70989"}],"wp:term":[{"taxonomy":"category","embeddable":true,"href":"https:\/\/portalcatolico.net\/portal\/wp-json\/wp\/v2\/categories?post=70989"},{"taxonomy":"post_tag","embeddable":true,"href":"https:\/\/portalcatolico.net\/portal\/wp-json\/wp\/v2\/tags?post=70989"}],"curies":[{"name":"wp","href":"https:\/\/api.w.org\/{rel}","templated":true}]}}