{"id":70986,"date":"2020-12-30T19:35:06","date_gmt":"2020-12-30T22:35:06","guid":{"rendered":"http:\/\/portalcatolico.net\/portal\/?p=70986"},"modified":"2020-12-30T19:35:06","modified_gmt":"2020-12-30T22:35:06","slug":"jovens-realizam-a-primeira-profissao-religiosa-confira","status":"publish","type":"post","link":"https:\/\/portalcatolico.net\/portal\/jovens-realizam-a-primeira-profissao-religiosa-confira\/","title":{"rendered":"Jovens realizam a Primeira Profiss\u00e3o Religiosa. Confira!"},"content":{"rendered":"<p style=\"font-weight: 400;\">A Par\u00f3quia Santa Cruz, na cidade e diocese de S\u00e3o Luiz de Montes Belo, no&nbsp;estado de Goi\u00e1s (GO), nesta ter\u00e7a-feira, 29 de dezembro, \u00e0s 19h, acolheu a Primeira Profiss\u00e3o Religiosa de 10 jovens de v\u00e1rias regi\u00f5es do pa\u00eds e do exterior.<br \/>\nA Congrega\u00e7\u00e3o da Paix\u00e3o de Jesus Cristo &#8211; Prov\u00edncia da Exalta\u00e7\u00e3o da Santa&nbsp;Cruz, acolheu&nbsp;a Primeira Profiss\u00e3o Religiosa dos novi\u00e7os: Andr\u00e9 Lu\u00eds Barbosa (natural da cidade de Itabuna-BA);&nbsp;Marcos Vinicius Alves (natural de Jana\u00faba-MG); Renato Lucio Machado&nbsp;(natural de Colatina-ES).<br \/>\nOs jovens fizeram os seus votos diante Pe.Giovanni Cipriani, CP, superior provincial dos passionistas. Os primeiros&nbsp;votos religiosos de Fazer Mem\u00f3ria da Paix\u00e3o como: Pobreza, Castidade e&nbsp;Obedi\u00eancia.&nbsp;&nbsp;<\/p>\n<p style=\"font-weight: 400;\">A santa missa foi presidida pelo bispo dom Lindomar Rocha&nbsp;Mota e concelebrada por padres diocesanos e passionistas.&nbsp;&nbsp;<\/p>\n<p style=\"font-weight: 400;\">O Padre Ocides&nbsp;Marques acolheu a profiss\u00e3o religiosas de alguns jovens.<br \/>\nA celebra\u00e7\u00e3o foi reservada a um n\u00famero espec\u00edfico de pessoas&nbsp;presencialmente devido as medidas sanit\u00e1rias de preven\u00e7\u00e3o do&nbsp;Coronav\u00edrus.&nbsp;&nbsp;<\/p>\n<p style=\"font-weight: 400;\">A celebra\u00e7\u00e3o foi transmitida pelas M\u00eddias Sociais da&nbsp;diocese.<br \/>\nAcompanhe os ritos e a santa missa neste link:<a href=\"https:\/\/www.youtube.com\/watch?v=YhYszGDjbFw\">https:\/\/www.youtube.com\/watch?v=YhYszGDjbFw<\/a><\/p>\n<p>Foto: Captura de v\u00eddeo<\/p>\n","protected":false},"excerpt":{"rendered":"<p>A Par\u00f3quia Santa Cruz, na cidade e diocese de S\u00e3o Luiz de Montes Belo, no&nbsp;estado de Goi\u00e1s (GO), nesta ter\u00e7a-feira, 29 de dezembro, \u00e0s 19h, acolheu a Primeira Profiss\u00e3o Religiosa de 10 jovens de v\u00e1rias regi\u00f5es do pa\u00eds e do exterior. A Congrega\u00e7\u00e3o da Paix\u00e3o de Jesus Cristo &#8211; Prov\u00edncia da Exalta\u00e7\u00e3o da Santa&nbsp;Cruz, acolheu&nbsp;a&nbsp;<\/p>\n<p><a class=\"btn btn-style\" href=\"https:\/\/portalcatolico.net\/portal\/jovens-realizam-a-primeira-profissao-religiosa-confira\/\">Continue Reading<\/a><\/p>\n","protected":false},"author":2,"featured_media":70987,"comment_status":"open","ping_status":"open","sticky":false,"template":"","format":"standard","meta":{"footnotes":""},"categories":[4],"tags":[],"class_list":["post-70986","post","type-post","status-publish","format-standard","has-post-thumbnail","hentry","category-destaques"],"_links":{"self":[{"href":"https:\/\/portalcatolico.net\/portal\/wp-json\/wp\/v2\/posts\/70986","targetHints":{"allow":["GET"]}}],"collection":[{"href":"https:\/\/portalcatolico.net\/portal\/wp-json\/wp\/v2\/posts"}],"about":[{"href":"https:\/\/portalcatolico.net\/portal\/wp-json\/wp\/v2\/types\/post"}],"author":[{"embeddable":true,"href":"https:\/\/portalcatolico.net\/portal\/wp-json\/wp\/v2\/users\/2"}],"replies":[{"embeddable":true,"href":"https:\/\/portalcatolico.net\/portal\/wp-json\/wp\/v2\/comments?post=70986"}],"version-history":[{"count":1,"href":"https:\/\/portalcatolico.net\/portal\/wp-json\/wp\/v2\/posts\/70986\/revisions"}],"predecessor-version":[{"id":70988,"href":"https:\/\/portalcatolico.net\/portal\/wp-json\/wp\/v2\/posts\/70986\/revisions\/70988"}],"wp:featuredmedia":[{"embeddable":true,"href":"https:\/\/portalcatolico.net\/portal\/wp-json\/wp\/v2\/media\/70987"}],"wp:attachment":[{"href":"https:\/\/portalcatolico.net\/portal\/wp-json\/wp\/v2\/media?parent=70986"}],"wp:term":[{"taxonomy":"category","embeddable":true,"href":"https:\/\/portalcatolico.net\/portal\/wp-json\/wp\/v2\/categories?post=70986"},{"taxonomy":"post_tag","embeddable":true,"href":"https:\/\/portalcatolico.net\/portal\/wp-json\/wp\/v2\/tags?post=70986"}],"curies":[{"name":"wp","href":"https:\/\/api.w.org\/{rel}","templated":true}]}}