{"id":70983,"date":"2020-12-30T19:32:17","date_gmt":"2020-12-30T22:32:17","guid":{"rendered":"http:\/\/portalcatolico.net\/portal\/?p=70983"},"modified":"2020-12-30T19:32:17","modified_gmt":"2020-12-30T22:32:17","slug":"sem-o-tradicional-desfile-dos-ternos-de-reis-solenidade-da-epifania-do-senhor-sera-celebrada-na-lapinha-com-o-numero-reduzido-de-fieis","status":"publish","type":"post","link":"https:\/\/portalcatolico.net\/portal\/sem-o-tradicional-desfile-dos-ternos-de-reis-solenidade-da-epifania-do-senhor-sera-celebrada-na-lapinha-com-o-numero-reduzido-de-fieis\/","title":{"rendered":"Sem o tradicional desfile dos Ternos de Reis, Solenidade da Epifania do Senhor ser\u00e1 celebrada na Lapinha com o n\u00famero reduzido de fi\u00e9is"},"content":{"rendered":"<p>Com o tema central \u201cGl\u00f3ria a Deus no mais alto dos c\u00e9us, que nos deu o Seu Filho Jesus. S\u00f3 a Ele o nosso louvor e gratid\u00e3o\u201d, a Par\u00f3quia Nossa Senhora da Concei\u00e7\u00e3o (Lapinha) realiza o tr\u00edduo em prepara\u00e7\u00e3o \u00e0 Solenidade da Epifania do Senhor \u2013 Festa de Reis. De 2 a 4 de janeiro, mediante agendamento pr\u00e9vio, at\u00e9 100 fi\u00e9is poder\u00e3o participar do tr\u00edduo, sempre \u00e0s 18h; e no dia 3, al\u00e9m do tr\u00edduo, tamb\u00e9m ser\u00e1 celebrada a Missa, \u00e0s 8h.<\/p>\n<p>A cada noite ser\u00e1 abordado um subtema: \u201cEpifania do Senhor, catequese do caminho, verdade e vida\u201d (1\u00aa noite); \u201cCelebrar os Reis, manifesta\u00e7\u00e3o de um povo eleito para o seu Deus\u201d (2\u00aa noite) e \u201cFesta de Reis: a identidade da par\u00f3quia resplandece\u201d (3\u00aa noite).<\/p>\n<p>J\u00e1 no dia 5 de janeiro, haver\u00e1 uma programa\u00e7\u00e3o especial: ser\u00e1 celebrada a Missa, \u00e0s 18h. Por volta das 20h ter\u00e1 in\u00edcio a Carreata da B\u00ean\u00e7\u00e3o \u2013 o padre aben\u00e7oar\u00e1 os com\u00e9rcios e as casas do bairro; e as fam\u00edlias s\u00e3o convidadas a arrumar os pres\u00e9pios nas sacadas das janelas. No dia festivo, 6 de janeiro, haver\u00e1 a alvorada \u00e0s 6h e Missas \u00e0s 8h e \u00e0s 18h.<\/p>\n<p>\u00c9 importante ressaltar que de 2 a 5 de janeiro, durante as celebra\u00e7\u00f5es, os fi\u00e9is que estiverem presentes fisicamente poder\u00e3o realizar gestos concretos, por meio da doa\u00e7\u00e3o de leite em p\u00f3 (dia 2), toalha de banho (dia 3), fraldas geri\u00e1tricas (dia 4) e produtos de limpeza (dia 5). Para participar presencialmente, \u00e9 necess\u00e1rio entrar em contato com a secretaria pelo telefone (71) 3248-9108. Para quem \u00e9 do grupo de risco, haver\u00e1 transmiss\u00e3o, ao vivo, pelo Youtube [para localizar o canal, o internauta deve inserir o nome da par\u00f3quia na caixa de busca].<\/p>\n<p><strong>&nbsp;<\/strong><strong>Festa dos Santos Reis<\/strong><\/p>\n<p>A Solenidade da Epifania do Senhor, tamb\u00e9m conhecida como \u201cDia de Reis\u201d, ou \u201cDia dos Santos Reis\u201d, comemorado em 6 de janeiro, tem origem na tradi\u00e7\u00e3o cat\u00f3lica que lembra o dia que Jesus Cristo, rec\u00e9m-nascido, recebeu a visita de tr\u00eas Reis Magos: Belchior, Gaspar e Baltazar, vindos do Oriente, guiados por uma estrela. Os tr\u00eas Reis Magos levaram a Jesus ouro, incenso e mirra, que representam as tr\u00eas dimens\u00f5es de Cristo: a realeza, a divindade e a humanidade (o \u00f3leo da mirra servia para embalsamar os mortos). Tais presentes simbolizam, ainda, o futuro da miss\u00e3o de Jesus.<\/p>\n<p>A inten\u00e7\u00e3o dos evangelistas ao mostrar os magos vindos do Oriente foi ensinar&nbsp;que o Cristo veio n\u00e3o apenas para o povo de Israel, mas para todos os povos e na\u00e7\u00f5es do mundo. A festa popular \u2013 tamb\u00e9m conhecida como Folia de Reis \u2013 foi trazida ao Brasil pelos colonizadores portugueses e at\u00e9 os dias atuais \u00e9 tradi\u00e7\u00e3o em regi\u00f5es como o Nordeste, S\u00e3o Paulo e Minas Gerais.<\/p>\n<p>Not\u00edcias: Arquidiocese de S\u00e3o Salvador (BA)<\/p>\n","protected":false},"excerpt":{"rendered":"<p>Com o tema central \u201cGl\u00f3ria a Deus no mais alto dos c\u00e9us, que nos deu o Seu Filho Jesus. S\u00f3 a Ele o nosso louvor e gratid\u00e3o\u201d, a Par\u00f3quia Nossa Senhora da Concei\u00e7\u00e3o (Lapinha) realiza o tr\u00edduo em prepara\u00e7\u00e3o \u00e0 Solenidade da Epifania do Senhor \u2013 Festa de Reis. De 2 a 4 de janeiro,&nbsp;<\/p>\n<p><a class=\"btn btn-style\" href=\"https:\/\/portalcatolico.net\/portal\/sem-o-tradicional-desfile-dos-ternos-de-reis-solenidade-da-epifania-do-senhor-sera-celebrada-na-lapinha-com-o-numero-reduzido-de-fieis\/\">Continue Reading<\/a><\/p>\n","protected":false},"author":2,"featured_media":70984,"comment_status":"open","ping_status":"open","sticky":false,"template":"","format":"standard","meta":{"footnotes":""},"categories":[3],"tags":[],"class_list":["post-70983","post","type-post","status-publish","format-standard","has-post-thumbnail","hentry","category-noticias_regionais"],"_links":{"self":[{"href":"https:\/\/portalcatolico.net\/portal\/wp-json\/wp\/v2\/posts\/70983","targetHints":{"allow":["GET"]}}],"collection":[{"href":"https:\/\/portalcatolico.net\/portal\/wp-json\/wp\/v2\/posts"}],"about":[{"href":"https:\/\/portalcatolico.net\/portal\/wp-json\/wp\/v2\/types\/post"}],"author":[{"embeddable":true,"href":"https:\/\/portalcatolico.net\/portal\/wp-json\/wp\/v2\/users\/2"}],"replies":[{"embeddable":true,"href":"https:\/\/portalcatolico.net\/portal\/wp-json\/wp\/v2\/comments?post=70983"}],"version-history":[{"count":1,"href":"https:\/\/portalcatolico.net\/portal\/wp-json\/wp\/v2\/posts\/70983\/revisions"}],"predecessor-version":[{"id":70985,"href":"https:\/\/portalcatolico.net\/portal\/wp-json\/wp\/v2\/posts\/70983\/revisions\/70985"}],"wp:featuredmedia":[{"embeddable":true,"href":"https:\/\/portalcatolico.net\/portal\/wp-json\/wp\/v2\/media\/70984"}],"wp:attachment":[{"href":"https:\/\/portalcatolico.net\/portal\/wp-json\/wp\/v2\/media?parent=70983"}],"wp:term":[{"taxonomy":"category","embeddable":true,"href":"https:\/\/portalcatolico.net\/portal\/wp-json\/wp\/v2\/categories?post=70983"},{"taxonomy":"post_tag","embeddable":true,"href":"https:\/\/portalcatolico.net\/portal\/wp-json\/wp\/v2\/tags?post=70983"}],"curies":[{"name":"wp","href":"https:\/\/api.w.org\/{rel}","templated":true}]}}