{"id":70980,"date":"2020-12-29T21:08:28","date_gmt":"2020-12-30T00:08:28","guid":{"rendered":"http:\/\/portalcatolico.net\/portal\/?p=70980"},"modified":"2020-12-29T21:08:43","modified_gmt":"2020-12-30T00:08:43","slug":"mae-do-beato-carlo-acutis-envia-mensagem-pro-vida-aos-senadores-argentinos","status":"publish","type":"post","link":"https:\/\/portalcatolico.net\/portal\/mae-do-beato-carlo-acutis-envia-mensagem-pro-vida-aos-senadores-argentinos\/","title":{"rendered":"M\u00e3e do Beato Carlo Acutis envia mensagem pr\u00f3-vida aos senadores argentinos"},"content":{"rendered":"<p>Por ocasi\u00e3o da vota\u00e7\u00e3o do projeto de legaliza\u00e7\u00e3o do&nbsp;aborto&nbsp;na Argentina, a m\u00e3e do beato Carlo Acutis, Antonia Salzano, afirmou que seu filho era contra essa pr\u00e1tica e destacou que impedir o nascimento dos beb\u00eas \u00e9 impedir o progresso do mundo, segundo o Projeto de Deus.<\/p>\n<p>O Senado iniciar\u00e1 o debate sobre a legaliza\u00e7\u00e3o do aborto \u00e0s 16h de hoje, 29 de dezembro, dia seguinte ao que a&nbsp;Igreja&nbsp;recordou os Santos Inocentes, as crian\u00e7as assassinadas pelo rei Herodes.<\/p>\n<p>A Associa\u00e7\u00e3o \u201cAmigos de Carlo Acutis\u201d publicou no dia 28 de dezembro a mensagem de v\u00eddeo na qual Antonia Salzano expressa que \u201ccada um de n\u00f3s tem um projeto \u00fanico e irrepet\u00edvel, um projeto especial que o Senhor pensou desde a eternidade\u201d.<\/p>\n<p><iframe loading=\"lazy\" src=\"https:\/\/www.facebook.com\/plugins\/video.php?height=314&amp;href=https%3A%2F%2Fwww.facebook.com%2Fbeatocarloacutisufficiale%2Fvideos%2F1330466617289419%2F&amp;show_text=false&amp;width=560\" width=\"560\" height=\"314\" frameborder=\"0\" scrolling=\"no\" allowfullscreen=\"allowfullscreen\" data-mce-fragment=\"1\"><\/iframe><\/p>\n<p>\u201cCada um de n\u00f3s tem o poder, digamos, com suas a\u00e7\u00f5es com a gra\u00e7a que recebe de Deus, tem a miss\u00e3o de mudar o mundo de uma forma positiva, de levar luz ao mundo\u201d.<\/p>\n<p>\u201cClaro que impedir uma&nbsp;vida&nbsp;\u00e9 impedir que o mundo progrida, cada vida \u00e9 um progresso do mundo, se for vivida em uni\u00e3o com Deus segundo o que seja o projeto que Deus pensou desde a eternidade para cada um de n\u00f3s\u201d, manifestou.<\/p>\n<p>Antonia explicou que Carlo &#8220;era contra o aborto&#8221; e que apoiava a alternativa da ado\u00e7\u00e3o.<\/p>\n<p>Da mesma forma, especificou que o jovem beato tamb\u00e9m questionava a t\u00e9cnica de congelamento de embri\u00f5es, pois de &#8220;todas essas crian\u00e7as fertilizadas artificialmente, sobra um grande n\u00famero de embri\u00f5es que est\u00e3o congelados e permanecem l\u00e1 por d\u00e9cadas, ou nunca ter\u00e3o a possibilidade de poder viver, de realizar o projeto que Deus desde a eternidade pensou para esses embri\u00f5es\u201d.<\/p>\n<p>\u201c\u00c9 triste saber que tantas almas n\u00e3o t\u00eam permiss\u00e3o para viver, s\u00e3o impedidas de expressar a sua particularidade, o talento que certamente Deus lhes concedeu\u201d, acrescentou.<\/p>\n<p>\u201cPensemos em tantas figuras que no mundo ajudaram a humanidade\u201d como Madre Teresa de Calcut\u00e1, Irm\u00e3 L\u00facia de F\u00e1tima, Santa Bernadete, S\u00e3o Jo\u00e3o Bosco, Papa S\u00e3o Jo\u00e3o Paulo II, entre outros.<\/p>\n<p>\u201cSe seus pais tivessem pensado em n\u00e3o dar \u00e0 luz, eles n\u00e3o teriam\u201d vivido, disse a m\u00e3e do Beato Carlo Acutis.<\/p>\n<p>\u201cMuitas vezes acontece que quem tem talento n\u00e3o os pode expressar, inclusive nascendo, porque, como dizia Carlo, \u2018todos nascemos originais, mas muitos morrem como fotoc\u00f3pias\u2019\u201d, lembrou.<\/p>\n<p>Nesse sentido, Antonia Salzano manifestou a sua esperan\u00e7a para que \u201cDeus permita a muitos viver e poder realizar este projeto especial que Deus, desde a eternidade, pensou, sobretudo o colocar a Deus sobre todas as coisas, o de amar a Deus sobre todas as coisas e ao pr\u00f3ximo como a n\u00f3s mesmos\u201d.<\/p>\n<p>\u201cO projeto para o qual Deus nos chama, o projeto de amor, o projeto de poder j\u00e1 nesta vida amar a Deus e sobretudo amar o pr\u00f3ximo e crescer na virtude da caridade que ser\u00e1 nossa heran\u00e7a por toda a eternidade\u201d, refletiu Salzano.<\/p>\n<p>Nesse sentido, \u201co grau de caridade que atingiremos nesta vida, ser\u00e1 o grau de caridade que desfrutaremos por toda a eternidade\u201d, insistiu.<\/p>\n<p>&#8220;E como Deus escreve direito nas linhas tortas dos homens, esperamos que tamb\u00e9m esses momentos de sofrimento nos ajudem a tornar este mundo um mundo melhor, onde verdadeiramente o homem se lembre de que sem Deus n\u00e3o podemos fazer nada&#8221;.<\/p>\n<p>\u201cFeliz&nbsp;Natal&nbsp;e pe\u00e7o-lhes uma ora\u00e7\u00e3o para a canoniza\u00e7\u00e3o de Carlo\u201d, concluiu Antonia Salzano.<\/p>\n<p>Antonia Salzano com Carlo Acutis. Cr\u00e9dito: Associa\u00e7\u00e3o de Amigos de Carlo Acutis<\/p>\n<p><em>Publicado originalmente em&nbsp;ACI Prensa.&nbsp;Traduzido e adaptado por Nath\u00e1lia Queiroz.<\/em><\/p>\n<p>&nbsp;<\/p>\n","protected":false},"excerpt":{"rendered":"<p>Por ocasi\u00e3o da vota\u00e7\u00e3o do projeto de legaliza\u00e7\u00e3o do&nbsp;aborto&nbsp;na Argentina, a m\u00e3e do beato Carlo Acutis, Antonia Salzano, afirmou que seu filho era contra essa pr\u00e1tica e destacou que impedir o nascimento dos beb\u00eas \u00e9 impedir o progresso do mundo, segundo o Projeto de Deus. O Senado iniciar\u00e1 o debate sobre a legaliza\u00e7\u00e3o do aborto&nbsp;<\/p>\n<p><a class=\"btn btn-style\" href=\"https:\/\/portalcatolico.net\/portal\/mae-do-beato-carlo-acutis-envia-mensagem-pro-vida-aos-senadores-argentinos\/\">Continue Reading<\/a><\/p>\n","protected":false},"author":2,"featured_media":70981,"comment_status":"open","ping_status":"open","sticky":false,"template":"","format":"standard","meta":{"footnotes":""},"categories":[5],"tags":[],"class_list":["post-70980","post","type-post","status-publish","format-standard","has-post-thumbnail","hentry","category-igreja_no_mundo"],"_links":{"self":[{"href":"https:\/\/portalcatolico.net\/portal\/wp-json\/wp\/v2\/posts\/70980","targetHints":{"allow":["GET"]}}],"collection":[{"href":"https:\/\/portalcatolico.net\/portal\/wp-json\/wp\/v2\/posts"}],"about":[{"href":"https:\/\/portalcatolico.net\/portal\/wp-json\/wp\/v2\/types\/post"}],"author":[{"embeddable":true,"href":"https:\/\/portalcatolico.net\/portal\/wp-json\/wp\/v2\/users\/2"}],"replies":[{"embeddable":true,"href":"https:\/\/portalcatolico.net\/portal\/wp-json\/wp\/v2\/comments?post=70980"}],"version-history":[{"count":1,"href":"https:\/\/portalcatolico.net\/portal\/wp-json\/wp\/v2\/posts\/70980\/revisions"}],"predecessor-version":[{"id":70982,"href":"https:\/\/portalcatolico.net\/portal\/wp-json\/wp\/v2\/posts\/70980\/revisions\/70982"}],"wp:featuredmedia":[{"embeddable":true,"href":"https:\/\/portalcatolico.net\/portal\/wp-json\/wp\/v2\/media\/70981"}],"wp:attachment":[{"href":"https:\/\/portalcatolico.net\/portal\/wp-json\/wp\/v2\/media?parent=70980"}],"wp:term":[{"taxonomy":"category","embeddable":true,"href":"https:\/\/portalcatolico.net\/portal\/wp-json\/wp\/v2\/categories?post=70980"},{"taxonomy":"post_tag","embeddable":true,"href":"https:\/\/portalcatolico.net\/portal\/wp-json\/wp\/v2\/tags?post=70980"}],"curies":[{"name":"wp","href":"https:\/\/api.w.org\/{rel}","templated":true}]}}