{"id":70945,"date":"2020-12-24T12:48:37","date_gmt":"2020-12-24T15:48:37","guid":{"rendered":"http:\/\/portalcatolico.net\/portal\/?p=70945"},"modified":"2020-12-24T12:48:37","modified_gmt":"2020-12-24T15:48:37","slug":"papa-francisco-celebra-a-missa-de-natal-no-vaticano-nesta-quinta-feira-24-de-dezembro-as-15h30-no-horario-de-brasilia","status":"publish","type":"post","link":"https:\/\/portalcatolico.net\/portal\/papa-francisco-celebra-a-missa-de-natal-no-vaticano-nesta-quinta-feira-24-de-dezembro-as-15h30-no-horario-de-brasilia\/","title":{"rendered":"PAPA FRANCISCO CELEBRA A MISSA DE NATAL NO VATICANO NESTA QUINTA-FEIRA, 24 DE DEZEMBRO, \u00c0S 15H30, NO HOR\u00c1RIO DE BRAS\u00cdLIA"},"content":{"rendered":"<p>A partir desta quinta-feira, 24 de dezembro, o Papa Francisco d\u00e1 in\u00edcio ao calend\u00e1rio de celebra\u00e7\u00f5es de Natal e de in\u00edcio de 2021. A Santa Missa desta noite da Natividade (24), na Bas\u00edlica de S\u00e3o Pedro, precisou ser antecipada devido a pandemia da Covid-19 e no Brasil ser\u00e1 \u00e0s 15h30, hor\u00e1rio de Bras\u00edlia.<\/p>\n<p>As demais celebra\u00e7\u00f5es devem seguir os hor\u00e1rios tradicionais. A participa\u00e7\u00e3o de fieis nas celebra\u00e7\u00f5es ser\u00e1 limitada, devido \u00e0 situa\u00e7\u00e3o de sa\u00fade. Todas as missas ser\u00e3o transmitidas pelo Vatican News, com coment\u00e1rios em portugu\u00eas.<\/p>\n<p>Todos os hor\u00e1rios desta mat\u00e9ria j\u00e1 foram ajustados para o hor\u00e1rio de Bras\u00edlia que \u00e9 4 horas a menos em rela\u00e7\u00e3o \u00e0 Roma.<\/p>\n<p><strong>Natal<\/strong><\/p>\n<ul>\n<li>Dia 24 de dezembro: missa de Natal \u00e0s 15h30 \u2013 hor\u00e1rio de Bras\u00edlia<\/li>\n<li>Dia 25 de dezembro: b\u00ean\u00e7\u00e3o Urbi et Orbi \u00e0s 8h \u2013 hor\u00e1rio de Bras\u00edlia<\/li>\n<\/ul>\n<p><strong>Ano Novo<\/strong><\/p>\n<ul>\n<li>Dia 31 de dezembro: v\u00e9speras e o Te Deum de A\u00e7\u00e3o de Gra\u00e7as pelo ano que passou ser\u00e1 \u00e0s 13h, na Bas\u00edlica de S\u00e3o Pedro \u2013 hor\u00e1rio de Bras\u00edlia<\/li>\n<li>Dia 1\u00b0 de janeiro: solenidade de Maria Sant\u00edssima M\u00e3e de Deus e 54\u00ba Dia Mundial da Paz, a missa ser\u00e1 \u00e0s 6h na Bas\u00edlica vaticana \u2013 hor\u00e1rio de Bras\u00edlia<\/li>\n<li>Dia 6 de janeiro: solenidade da Epifania, a missa ser\u00e1 \u00e0s 6h, novamente na Bas\u00edlica de S\u00e3o Pedro \u2013 hor\u00e1rio de Bras\u00edlia<\/li>\n<\/ul>\n<p>As celebra\u00e7\u00f5es poder\u00e3o ser acompanhadas na p\u00e1gina do&nbsp;<a href=\"https:\/\/www.vaticannews.va\/pt.html\" target=\"_blank\" rel=\"noopener noreferrer\">Vatican News<\/a>.<\/p>\n<pre><em>Foto de capa: Vatican News<\/em><\/pre>\n","protected":false},"excerpt":{"rendered":"<p>A partir desta quinta-feira, 24 de dezembro, o Papa Francisco d\u00e1 in\u00edcio ao calend\u00e1rio de celebra\u00e7\u00f5es de Natal e de in\u00edcio de 2021. A Santa Missa desta noite da Natividade (24), na Bas\u00edlica de S\u00e3o Pedro, precisou ser antecipada devido a pandemia da Covid-19 e no Brasil ser\u00e1 \u00e0s 15h30, hor\u00e1rio de Bras\u00edlia. As demais&nbsp;<\/p>\n<p><a class=\"btn btn-style\" href=\"https:\/\/portalcatolico.net\/portal\/papa-francisco-celebra-a-missa-de-natal-no-vaticano-nesta-quinta-feira-24-de-dezembro-as-15h30-no-horario-de-brasilia\/\">Continue Reading<\/a><\/p>\n","protected":false},"author":2,"featured_media":70946,"comment_status":"open","ping_status":"open","sticky":false,"template":"","format":"standard","meta":{"footnotes":""},"categories":[5],"tags":[],"class_list":["post-70945","post","type-post","status-publish","format-standard","has-post-thumbnail","hentry","category-igreja_no_mundo"],"_links":{"self":[{"href":"https:\/\/portalcatolico.net\/portal\/wp-json\/wp\/v2\/posts\/70945","targetHints":{"allow":["GET"]}}],"collection":[{"href":"https:\/\/portalcatolico.net\/portal\/wp-json\/wp\/v2\/posts"}],"about":[{"href":"https:\/\/portalcatolico.net\/portal\/wp-json\/wp\/v2\/types\/post"}],"author":[{"embeddable":true,"href":"https:\/\/portalcatolico.net\/portal\/wp-json\/wp\/v2\/users\/2"}],"replies":[{"embeddable":true,"href":"https:\/\/portalcatolico.net\/portal\/wp-json\/wp\/v2\/comments?post=70945"}],"version-history":[{"count":1,"href":"https:\/\/portalcatolico.net\/portal\/wp-json\/wp\/v2\/posts\/70945\/revisions"}],"predecessor-version":[{"id":70947,"href":"https:\/\/portalcatolico.net\/portal\/wp-json\/wp\/v2\/posts\/70945\/revisions\/70947"}],"wp:featuredmedia":[{"embeddable":true,"href":"https:\/\/portalcatolico.net\/portal\/wp-json\/wp\/v2\/media\/70946"}],"wp:attachment":[{"href":"https:\/\/portalcatolico.net\/portal\/wp-json\/wp\/v2\/media?parent=70945"}],"wp:term":[{"taxonomy":"category","embeddable":true,"href":"https:\/\/portalcatolico.net\/portal\/wp-json\/wp\/v2\/categories?post=70945"},{"taxonomy":"post_tag","embeddable":true,"href":"https:\/\/portalcatolico.net\/portal\/wp-json\/wp\/v2\/tags?post=70945"}],"curies":[{"name":"wp","href":"https:\/\/api.w.org\/{rel}","templated":true}]}}