{"id":70942,"date":"2020-12-24T12:41:34","date_gmt":"2020-12-24T15:41:34","guid":{"rendered":"http:\/\/portalcatolico.net\/portal\/?p=70942"},"modified":"2020-12-24T12:41:34","modified_gmt":"2020-12-24T15:41:34","slug":"cardeal-scherer-deus-visivel-aos-nossos-olhos","status":"publish","type":"post","link":"https:\/\/portalcatolico.net\/portal\/cardeal-scherer-deus-visivel-aos-nossos-olhos\/","title":{"rendered":"Cardeal Scherer: Deus vis\u00edvel aos nossos olhos"},"content":{"rendered":"<div class=\"article__subTitle\">A Igreja proclama e celebra no Natal um mist\u00e9rio inaudito, imensamente grande e, ao mesmo tempo, pr\u00f3ximo de n\u00f3s, que choca e deixa incr\u00e9dulos a muitos. Cabe aos crist\u00e3os recordar e testemunhar sempre de novo o motivo de tanta festa.<\/div>\n<div class=\"title__separator\">\n<p>No Natal, celebramos o sublime mist\u00e9rio da encarna\u00e7\u00e3o do Filho de Deus, \u201ca humanidade do nosso Deus\u201d. Fazemos festa, cantamos, damos presentes e saudamos os outros com votos de feliz Natal. Procuramos viver em paz e harmonia com todos e abrimos o cora\u00e7\u00e3o aos pobres. Que bom que tudo isso acontece! A festa crist\u00e3 acaba contagiando tamb\u00e9m a quem n\u00e3o cr\u00ea como n\u00f3s, nem conhece o motivo.<\/p>\n<p>A Igreja proclama e celebra no Natal um mist\u00e9rio inaudito, imensamente grande e, ao mesmo tempo, pr\u00f3ximo de n\u00f3s, que choca e deixa incr\u00e9dulos a muitos. Cabe aos crist\u00e3os recordar e testemunhar sempre de novo o motivo de tanta festa. Mais ainda: cabe-nos convidar todos a acolher o grande mist\u00e9rio celebrado: o Filho de Deus, Jesus Cristo, nosso Salvador, nascido humanamente da Virgem Maria. Esta verdade, t\u00e3o grande e bela, n\u00e3o pode ficar esquecida, encoberta por exterioridades ou pelos simbolismos que a envolvem.<\/p>\n<p>Na f\u00e9 crist\u00e3, n\u00f3s proclamamos sem meias palavras que o Filho de Deus veio ao mundo e nasceu de uma mulher, a Virgem Maria. Professamos em nossa f\u00e9 que a segunda Pessoa da Sant\u00edssima Trindade uniu a si nossa natureza humana, sem deixar de ser o Filho eterno e permanecendo inseparavelmente unido ao Pai e ao Esp\u00edrito Santo. Proclamamos que o Filho eterno, nascendo de Maria, tornou-se \u201cDeus vis\u00edvel aos nossos olhos\u201d, uniu a nossa pobre condi\u00e7\u00e3o humana \u00e0 sua natureza divina!<\/p>\n<p>Mais ainda: o Filho de Deus, vindo ao mundo, uniu em sua pessoa o c\u00e9u \u00e0 terra, a divindade \u00e0 humanidade. Nele, o grande Deus, imensamente poderoso, tornou-se pr\u00f3ximo da humanidade, de cada pessoa, e assumiu tamb\u00e9m a nossa fragilidade e pequenez e viveu a precariedade de nossa exist\u00eancia humana. Ningu\u00e9m mais precisa procurar Deus nas nuvens, nem na imagina\u00e7\u00e3o abstrata: cada um pode se achegar a Ele, acolhendo a humanidade do Filho de Deus na humanidade de cada irm\u00e3o, igual \u00e0 do Filho de Deus.<\/p>\n<p>&nbsp;\u00c9 por isso que cantamos, com os anjos, as gl\u00f3rias de Deus que se manifestaram entre n\u00f3s no nascimento de Jesus! Por isso, tamb\u00e9m, convidamos a todos, cantando: \u201c\u00d3 vinde todos, adoremos!\u201d \u00c9 por isso, tamb\u00e9m, que cada ser humano \u00e9 t\u00e3o precioso, pois possui uma dignidade alt\u00edssima: o Filho de Deus tornou-se semelhante a cada pessoa humana e lhe deu uma dignidade que somente Deus podia dar.<\/p>\n<p>E tamb\u00e9m \u00e9 por isso que convido todo o povo de S\u00e3o Paulo a viver, com intensa alegria e gratid\u00e3o a Deus, este dia da fraternidade universal. Em Cristo, somos \u201c<i>Fratelli tutti<\/i>\u2019 \u2013 todos irm\u00e3os\u2019\u201d! Ningu\u00e9m mais nos pode ser indiferente ou parecer desprez\u00edvel. \u00c9 por isso que os crist\u00e3os t\u00eam uma proposta para a vida em sociedade: edificar um mundo irm\u00e3o, em que cessem injusti\u00e7as, viol\u00eancias, preconceitos, \u00f3dios, indiferen\u00e7as, ego\u00edsmos.<\/p>\n<p>Que a celebra\u00e7\u00e3o do Natal renove em todos o prop\u00f3sito de edificar um mundo de irm\u00e3os nesta casa comum, na qual Deus tamb\u00e9m fez morada para estar no meio de n\u00f3s. Desejo feliz e santo Natal a todos! E que o novo ano venha com b\u00ean\u00e7\u00e3os abundantes e nos traga esperan\u00e7a e coragem para testemunhar a boa mensagem do Natal!<\/p>\n<p><b>Cardeal Odilo Pedro Scherer&nbsp;&#8211; Arcebispo de S\u00e3o Paulo<\/b><\/p>\n<p>Fonte: Arquidiocese de S\u00e3o Paulo&nbsp;<\/p>\n<\/div>\n<div class=\"article__text \">\n<p>&nbsp;<\/p>\n<\/div>\n","protected":false},"excerpt":{"rendered":"<p>A Igreja proclama e celebra no Natal um mist\u00e9rio inaudito, imensamente grande e, ao mesmo tempo, pr\u00f3ximo de n\u00f3s, que choca e deixa incr\u00e9dulos a muitos. Cabe aos crist\u00e3os recordar e testemunhar sempre de novo o motivo de tanta festa. No Natal, celebramos o sublime mist\u00e9rio da encarna\u00e7\u00e3o do Filho de Deus, \u201ca humanidade do&nbsp;<\/p>\n<p><a class=\"btn btn-style\" href=\"https:\/\/portalcatolico.net\/portal\/cardeal-scherer-deus-visivel-aos-nossos-olhos\/\">Continue Reading<\/a><\/p>\n","protected":false},"author":2,"featured_media":70943,"comment_status":"open","ping_status":"open","sticky":false,"template":"","format":"standard","meta":{"footnotes":""},"categories":[69],"tags":[],"class_list":["post-70942","post","type-post","status-publish","format-standard","has-post-thumbnail","hentry","category-artigos"],"_links":{"self":[{"href":"https:\/\/portalcatolico.net\/portal\/wp-json\/wp\/v2\/posts\/70942","targetHints":{"allow":["GET"]}}],"collection":[{"href":"https:\/\/portalcatolico.net\/portal\/wp-json\/wp\/v2\/posts"}],"about":[{"href":"https:\/\/portalcatolico.net\/portal\/wp-json\/wp\/v2\/types\/post"}],"author":[{"embeddable":true,"href":"https:\/\/portalcatolico.net\/portal\/wp-json\/wp\/v2\/users\/2"}],"replies":[{"embeddable":true,"href":"https:\/\/portalcatolico.net\/portal\/wp-json\/wp\/v2\/comments?post=70942"}],"version-history":[{"count":1,"href":"https:\/\/portalcatolico.net\/portal\/wp-json\/wp\/v2\/posts\/70942\/revisions"}],"predecessor-version":[{"id":70944,"href":"https:\/\/portalcatolico.net\/portal\/wp-json\/wp\/v2\/posts\/70942\/revisions\/70944"}],"wp:featuredmedia":[{"embeddable":true,"href":"https:\/\/portalcatolico.net\/portal\/wp-json\/wp\/v2\/media\/70943"}],"wp:attachment":[{"href":"https:\/\/portalcatolico.net\/portal\/wp-json\/wp\/v2\/media?parent=70942"}],"wp:term":[{"taxonomy":"category","embeddable":true,"href":"https:\/\/portalcatolico.net\/portal\/wp-json\/wp\/v2\/categories?post=70942"},{"taxonomy":"post_tag","embeddable":true,"href":"https:\/\/portalcatolico.net\/portal\/wp-json\/wp\/v2\/tags?post=70942"}],"curies":[{"name":"wp","href":"https:\/\/api.w.org\/{rel}","templated":true}]}}